{"id":34760,"date":"2011-06-01T18:16:08","date_gmt":"2011-06-01T16:16:08","guid":{"rendered":"http:\/\/www.hier-luebeck.de\/?p=34760"},"modified":"2011-06-01T19:19:25","modified_gmt":"2011-06-01T17:19:25","slug":"eichhornchen-als-gourmets","status":"publish","type":"post","link":"https:\/\/hier-luebeck.de\/index.php\/eichhornchen-als-gourmets\/","title":{"rendered":"Eichh\u00f6rnchen als Gourmets"},"content":{"rendered":"<p>Foto: TBF\/ Holger Kr\u00f6ger &#8211; <a href=\"http:\/\/www.hier-luebeck.de\/wp-content\/uploads\/2011\/06\/Eichh\u00f6rnchen_Kroeger_0005.jpg\"><img loading=\"lazy\" decoding=\"async\" class=\"alignleft size-large wp-image-34762\" title=\"Eichh\u00f6rnchen_Kroeger_0005\" src=\"http:\/\/www.hier-luebeck.de\/wp-content\/uploads\/2011\/06\/Eichh\u00f6rnchen_Kroeger_0005-426x319.jpg\" alt=\"\" width=\"426\" height=\"319\" srcset=\"https:\/\/hier-luebeck.de\/wp-content\/uploads\/2011\/06\/Eichh\u00f6rnchen_Kroeger_0005-426x319.jpg 426w, https:\/\/hier-luebeck.de\/wp-content\/uploads\/2011\/06\/Eichh\u00f6rnchen_Kroeger_0005-320x240.jpg 320w, https:\/\/hier-luebeck.de\/wp-content\/uploads\/2011\/06\/Eichh\u00f6rnchen_Kroeger_0005.jpg 500w\" sizes=\"auto, (max-width: 426px) 100vw, 426px\" \/><\/a>Obstverk\u00e4ufer Lothar B\u00f6nke staunte nicht schlecht, als er den geheimnisvollen T\u00e4tern auf die Spur kam. Ihm war aufgefallen, das bereits gef\u00fcllte und abgewogene Erdbeerschalen auf unerkl\u00e4rliche Art an Gewicht verloren und er diese immer wieder auff\u00fcllen musste.<!--more--><br \/>\nSo entdeckte er an den Erdbeeren und auch an den \u00c4pfeln seltsame Bissspuren. Der 70-J\u00e4hrige legte sich auf die Lauer und entdeckte zwei Eichh\u00f6rnchen auf Beutetour. W\u00e4hrend eines der possierlichen Tiere Wache schob, setzte sich das andere in die Schale und verputzte gen\u00fcsslich eine Erdbeere. Verscheuchen will B\u00f6nke die Eichh\u00f6rnchen nicht, \u201esie fressen ja nicht viel\u201c, sagt er.<\/p>\n<p><a rel=\"attachment wp-att-34763\" href=\"http:\/\/www.hier-luebeck.de\/2011\/06\/eichhornchen-als-gourmets\/eichhornchen_kroeger_0008\/\"><img loading=\"lazy\" decoding=\"async\" class=\"alignleft size-full wp-image-34763\" title=\"Eichh\u00f6rnchen_Kroeger_0008\" src=\"http:\/\/www.hier-luebeck.de\/wp-content\/uploads\/2011\/06\/Eichh\u00f6rnchen_Kroeger_0008.jpg\" alt=\"\" width=\"500\" height=\"375\" srcset=\"https:\/\/hier-luebeck.de\/wp-content\/uploads\/2011\/06\/Eichh\u00f6rnchen_Kroeger_0008.jpg 500w, https:\/\/hier-luebeck.de\/wp-content\/uploads\/2011\/06\/Eichh\u00f6rnchen_Kroeger_0008-320x240.jpg 320w, https:\/\/hier-luebeck.de\/wp-content\/uploads\/2011\/06\/Eichh\u00f6rnchen_Kroeger_0008-426x319.jpg 426w\" sizes=\"auto, (max-width: 500px) 100vw, 500px\" \/><\/a><\/p>\n<p>&nbsp;<\/p>\n<p>&nbsp;<\/p>\n<p>&nbsp;<\/p>\n<p>&nbsp;<\/p>\n<p>&nbsp;<\/p>\n<p>&nbsp;<\/p>\n<p>&nbsp;<\/p>\n<p>&nbsp;<\/p>\n<p>&nbsp;<\/p>\n<p>&nbsp;<\/p>\n<p>&nbsp;<\/p>\n<p>&nbsp;<\/p>\n<p><a rel=\"attachment wp-att-34764\" href=\"http:\/\/www.hier-luebeck.de\/2011\/06\/eichhornchen-als-gourmets\/eichhornchen_kroeger_0009\/\"><img loading=\"lazy\" decoding=\"async\" class=\"alignleft size-full wp-image-34764\" title=\"Eichh\u00f6rnchen_Kroeger_0009\" src=\"http:\/\/www.hier-luebeck.de\/wp-content\/uploads\/2011\/06\/Eichh\u00f6rnchen_Kroeger_0009.jpg\" alt=\"\" width=\"500\" height=\"375\" srcset=\"https:\/\/hier-luebeck.de\/wp-content\/uploads\/2011\/06\/Eichh\u00f6rnchen_Kroeger_0009.jpg 500w, https:\/\/hier-luebeck.de\/wp-content\/uploads\/2011\/06\/Eichh\u00f6rnchen_Kroeger_0009-320x240.jpg 320w, https:\/\/hier-luebeck.de\/wp-content\/uploads\/2011\/06\/Eichh\u00f6rnchen_Kroeger_0009-426x319.jpg 426w\" sizes=\"auto, (max-width: 500px) 100vw, 500px\" \/><\/a><\/p>\n<p>&nbsp;<\/p>\n<p>&nbsp;<\/p>\n<p>&nbsp;<\/p>\n<p>&nbsp;<\/p>\n<p>&nbsp;<\/p>\n<p>&nbsp;<\/p>\n<p>&nbsp;<\/p>\n<p>&nbsp;<\/p>\n<p>&nbsp;<\/p>\n<p>&nbsp;<\/p>\n<p>&nbsp;<\/p>\n<p>&nbsp;<\/p>\n<p><a rel=\"attachment wp-att-34765\" href=\"http:\/\/www.hier-luebeck.de\/2011\/06\/eichhornchen-als-gourmets\/eichhornchen_kroeger_0002\/\"><img loading=\"lazy\" decoding=\"async\" class=\"alignleft size-full wp-image-34765\" title=\"Eichh\u00f6rnchen_Kroeger_0002\" src=\"http:\/\/www.hier-luebeck.de\/wp-content\/uploads\/2011\/06\/Eichh\u00f6rnchen_Kroeger_0002.jpg\" alt=\"\" width=\"500\" height=\"375\" srcset=\"https:\/\/hier-luebeck.de\/wp-content\/uploads\/2011\/06\/Eichh\u00f6rnchen_Kroeger_0002.jpg 500w, https:\/\/hier-luebeck.de\/wp-content\/uploads\/2011\/06\/Eichh\u00f6rnchen_Kroeger_0002-320x240.jpg 320w, https:\/\/hier-luebeck.de\/wp-content\/uploads\/2011\/06\/Eichh\u00f6rnchen_Kroeger_0002-426x319.jpg 426w\" sizes=\"auto, (max-width: 500px) 100vw, 500px\" \/><\/a><\/p>\n","protected":false},"excerpt":{"rendered":"<p>Foto: TBF\/ Holger Kr\u00f6ger &#8211; Obstverk\u00e4ufer Lothar B\u00f6nke staunte nicht schlecht, als er den geheimnisvollen T\u00e4tern auf die Spur kam.<\/p>\n","protected":false},"author":3,"featured_media":0,"comment_status":"open","ping_status":"open","sticky":false,"template":"","format":"standard","meta":{"colormag_page_container_layout":"default_layout","colormag_page_sidebar_layout":"default_layout","footnotes":""},"categories":[20],"tags":[],"class_list":["post-34760","post","type-post","status-publish","format-standard","hentry","category-besondere-neuigkeiten"],"_links":{"self":[{"href":"https:\/\/hier-luebeck.de\/index.php\/wp-json\/wp\/v2\/posts\/34760","targetHints":{"allow":["GET"]}}],"collection":[{"href":"https:\/\/hier-luebeck.de\/index.php\/wp-json\/wp\/v2\/posts"}],"about":[{"href":"https:\/\/hier-luebeck.de\/index.php\/wp-json\/wp\/v2\/types\/post"}],"author":[{"embeddable":true,"href":"https:\/\/hier-luebeck.de\/index.php\/wp-json\/wp\/v2\/users\/3"}],"replies":[{"embeddable":true,"href":"https:\/\/hier-luebeck.de\/index.php\/wp-json\/wp\/v2\/comments?post=34760"}],"version-history":[{"count":0,"href":"https:\/\/hier-luebeck.de\/index.php\/wp-json\/wp\/v2\/posts\/34760\/revisions"}],"wp:attachment":[{"href":"https:\/\/hier-luebeck.de\/index.php\/wp-json\/wp\/v2\/media?parent=34760"}],"wp:term":[{"taxonomy":"category","embeddable":true,"href":"https:\/\/hier-luebeck.de\/index.php\/wp-json\/wp\/v2\/categories?post=34760"},{"taxonomy":"post_tag","embeddable":true,"href":"https:\/\/hier-luebeck.de\/index.php\/wp-json\/wp\/v2\/tags?post=34760"}],"curies":[{"name":"wp","href":"https:\/\/api.w.org\/{rel}","templated":true}]}}