{"id":34902,"date":"2011-06-04T08:05:09","date_gmt":"2011-06-04T06:05:09","guid":{"rendered":"http:\/\/www.hier-luebeck.de\/?p=34902"},"modified":"2011-06-05T23:25:58","modified_gmt":"2011-06-05T21:25:58","slug":"drei-ausstellungen-im-zeichen-der-freundschaft-japanische-kunstlerinnen-aus-kobe-stellen-in-lubeck-aus","status":"publish","type":"post","link":"https:\/\/hier-luebeck.de\/index.php\/drei-ausstellungen-im-zeichen-der-freundschaft-japanische-kunstlerinnen-aus-kobe-stellen-in-lubeck-aus\/","title":{"rendered":"Drei Ausstellungen im Zeichen der Freundschaft: Japanische K\u00fcnstlerinnen aus Kobe stellen in L\u00fcbeck aus"},"content":{"rendered":"<p>L\u00dcBECK. Mit drei Ausstellungen werden in L\u00fcbeck das Jubil\u00e4umsjahr &#8222;150 Jahre Freundschaft Deutschland-Japan&#8220; sowie die kulturellen Kontakte zwischen Schleswig-Holstein und der Pr\u00e4fektur Hyogo gew\u00fcrdigt. Die japanischen K\u00fcnstlerinnen Kyoko Takasago und Kimika Masai aus Kobe, der Hauptstadt der Pr\u00e4fektur Hyogo, stellen bis zum 25. Juni 2011 ihre Werke in der Hansestadt aus.<!--more-->&#8222;Mit Fassungslosigkeit haben wir die Bilder von der Katastrophe in Japan gesehen. Umso mehr freuen wir uns, dass Sie trotz dieser Ereignisse zu uns nach Schleswig-Holstein kommen konnten und die Menschen in L\u00fcbeck mit der Kunstszene aus Japan vertraut machen&#8220;, sagte die Kulturbeauftragte Caroline Schwarz gestern zur Er\u00f6ffnung der Ausstellung in der &#8222;Galerie Essig&#8220; in L\u00fcbeck.<\/p>\n<p>Schleswig-Holstein unterh\u00e4lt seit 1995 eine regionale Partnerschaft mit der Pr\u00e4fektur Hyogo. Das Europab\u00fcro der japanischen Pr\u00e4fektur Hyogo hatte den Aufenthalt der K\u00fcnstlerinnen vermittelt. Das Land und die Gedok (Gemeinschaft der K\u00fcnstlerinnen und Kunstf\u00f6rderer) unterst\u00fctzen die Ausstellungen. Beide K\u00fcnstlerinnen verbringen einen dreiw\u00f6chigen Gast- und Studienaufenthalt in der Hansestadt und geben Workshops an der Kunstschule der Gemeinn\u00fctzigen.<\/p>\n<p>Die Ausstellungen in L\u00fcbeck:<\/p>\n<p>* 4. bis 17. Juni, Galerie Essig, Kanalstra\u00dfe 26-28<br \/>\nKalligrafische Werke von Kyoko Takasago<br \/>\n* 12. bis 25. Juni, kunstraum_m\u00fchlenstrasse, M\u00fchlenstra\u00dfe 66<br \/>\nShadowboxes und Glass Handcraft von Kimika Masai<br \/>\n* 23. bis 25. Juni, Overbeck-Gesellschaft, K\u00f6nigstra\u00dfe 11<br \/>\nArbeiten beider K\u00fcnstlerinnen<\/p>\n","protected":false},"excerpt":{"rendered":"<p>L\u00dcBECK. Mit drei Ausstellungen werden in L\u00fcbeck das Jubil\u00e4umsjahr &#8222;150 Jahre Freundschaft Deutschland-Japan&#8220; sowie die kulturellen Kontakte zwischen Schleswig-Holstein und<\/p>\n","protected":false},"author":3,"featured_media":0,"comment_status":"open","ping_status":"open","sticky":false,"template":"","format":"standard","meta":{"colormag_page_container_layout":"default_layout","colormag_page_sidebar_layout":"default_layout","footnotes":""},"categories":[13],"tags":[],"class_list":["post-34902","post","type-post","status-publish","format-standard","hentry","category-veranstaltungen"],"_links":{"self":[{"href":"https:\/\/hier-luebeck.de\/index.php\/wp-json\/wp\/v2\/posts\/34902","targetHints":{"allow":["GET"]}}],"collection":[{"href":"https:\/\/hier-luebeck.de\/index.php\/wp-json\/wp\/v2\/posts"}],"about":[{"href":"https:\/\/hier-luebeck.de\/index.php\/wp-json\/wp\/v2\/types\/post"}],"author":[{"embeddable":true,"href":"https:\/\/hier-luebeck.de\/index.php\/wp-json\/wp\/v2\/users\/3"}],"replies":[{"embeddable":true,"href":"https:\/\/hier-luebeck.de\/index.php\/wp-json\/wp\/v2\/comments?post=34902"}],"version-history":[{"count":0,"href":"https:\/\/hier-luebeck.de\/index.php\/wp-json\/wp\/v2\/posts\/34902\/revisions"}],"wp:attachment":[{"href":"https:\/\/hier-luebeck.de\/index.php\/wp-json\/wp\/v2\/media?parent=34902"}],"wp:term":[{"taxonomy":"category","embeddable":true,"href":"https:\/\/hier-luebeck.de\/index.php\/wp-json\/wp\/v2\/categories?post=34902"},{"taxonomy":"post_tag","embeddable":true,"href":"https:\/\/hier-luebeck.de\/index.php\/wp-json\/wp\/v2\/tags?post=34902"}],"curies":[{"name":"wp","href":"https:\/\/api.w.org\/{rel}","templated":true}]}}