{"id":34912,"date":"2011-06-05T08:00:54","date_gmt":"2011-06-05T06:00:54","guid":{"rendered":"http:\/\/www.hier-luebeck.de\/?p=34912"},"modified":"2011-06-05T23:12:31","modified_gmt":"2011-06-05T21:12:31","slug":"weltweit-groster-ipv6-test-am-8-juni-neues-internet-protokoll-im-stresstest","status":"publish","type":"post","link":"https:\/\/hier-luebeck.de\/index.php\/weltweit-groster-ipv6-test-am-8-juni-neues-internet-protokoll-im-stresstest\/","title":{"rendered":"Weltweit gr\u00f6\u00dfter IPv6-Test am 8. Juni &#8211; Neues Internet-Protokoll im Stresstest"},"content":{"rendered":"<p>Am 8. Juni findet ein gro\u00df angelegter Test mit dem neuen Internet-Protokoll IPv6 statt. \u00dcber 200 Inhalteanbieter wie Google und Yahoo stellen ihre Technik erstmals f\u00fcr 24 Stunden um. Die meisten Internetnutzer werden nichts davon merken, doch in einigen F\u00e4llen kann es zu Fehlermeldungen im Browser kommen, schreibt das Computermagazin c&#8217;t in der aktuellen Ausgabe 13\/11.<!--more-->Der IT-Nachrichtendienst heise online l\u00e4uft bereits seit Oktober ohne nennenswerte Probleme im Parallelbetrieb: www.heise.de ist sowohl mit herk\u00f6mmlicher IPv4- als auch mit IPv6-Technik erreichbar. F\u00fcr die Organisatoren des World-IPv6-Tages ist heise online daher ein Referenzprojekt.<\/p>\n<p>Alle aktuellen Betriebssysteme beherrschen dasnneue Internet-Protokoll &#8211; Probleme entstehen bei Netzwerkst\u00f6rungen, die bei reinem IPv4 nicht auffallen w\u00fcrden. Schlimmstenfalls sehen die Anwender bestimmte Webseiten nicht mehr oder die Seiten bauen sich qu\u00e4lend langsam auf &#8211; f\u00fcr die Anbieter w\u00e4re das ein GAU, weshalb sie das neue Internet-Protokoll bisher noch nicht einsetzten. &#8222;Tauchen tats\u00e4chlich Probleme auf, sollte man zuerst seinen Internet-Provider informieren&#8220;, r\u00e4t c&#8217;t-Redakeur Reiko Kaps. &#8222;Denn normalerweise liegt es an diesen Netzwerkst\u00f6rungen.&#8220;<\/p>\n<p>Die meisten Ursachen f\u00fcr Probleme lassen sich bereits vorab feststellen. Dabei helfen verschiedene Online-Tests wie IPv6-Eyechart, die man einfach per Browser aufruft. Zeigt der Kasten auf der Test-Webseite \u00fcberwiegend gr\u00fcne<br \/>\nIcons an, sollte am 8. Juni auch der Zugriff auf Facebook, Youtube und alle anderen Testteilnehmer klappen.<\/p>\n<p>Die Einf\u00fchrung des neuen Internet-Protokolls ist seit 15 Jahren in Planung. Bereits damals war Fachleuten klar, dass dem IPv4-Protokoll irgendwann die Adressen ausgehen w\u00fcrden. Nachdem diese Situation jetzt eingetreten ist, stehen Webseitenbetreiber und Provider in der Pflicht, ihre Systeme baldm\u00f6glichst umzustellen.<\/p>\n","protected":false},"excerpt":{"rendered":"<p>Am 8. Juni findet ein gro\u00df angelegter Test mit dem neuen Internet-Protokoll IPv6 statt. \u00dcber 200 Inhalteanbieter wie Google und<\/p>\n","protected":false},"author":3,"featured_media":0,"comment_status":"open","ping_status":"open","sticky":false,"template":"","format":"standard","meta":{"colormag_page_container_layout":"default_layout","colormag_page_sidebar_layout":"default_layout","footnotes":""},"categories":[20],"tags":[],"class_list":["post-34912","post","type-post","status-publish","format-standard","hentry","category-besondere-neuigkeiten"],"_links":{"self":[{"href":"https:\/\/hier-luebeck.de\/index.php\/wp-json\/wp\/v2\/posts\/34912","targetHints":{"allow":["GET"]}}],"collection":[{"href":"https:\/\/hier-luebeck.de\/index.php\/wp-json\/wp\/v2\/posts"}],"about":[{"href":"https:\/\/hier-luebeck.de\/index.php\/wp-json\/wp\/v2\/types\/post"}],"author":[{"embeddable":true,"href":"https:\/\/hier-luebeck.de\/index.php\/wp-json\/wp\/v2\/users\/3"}],"replies":[{"embeddable":true,"href":"https:\/\/hier-luebeck.de\/index.php\/wp-json\/wp\/v2\/comments?post=34912"}],"version-history":[{"count":0,"href":"https:\/\/hier-luebeck.de\/index.php\/wp-json\/wp\/v2\/posts\/34912\/revisions"}],"wp:attachment":[{"href":"https:\/\/hier-luebeck.de\/index.php\/wp-json\/wp\/v2\/media?parent=34912"}],"wp:term":[{"taxonomy":"category","embeddable":true,"href":"https:\/\/hier-luebeck.de\/index.php\/wp-json\/wp\/v2\/categories?post=34912"},{"taxonomy":"post_tag","embeddable":true,"href":"https:\/\/hier-luebeck.de\/index.php\/wp-json\/wp\/v2\/tags?post=34912"}],"curies":[{"name":"wp","href":"https:\/\/api.w.org\/{rel}","templated":true}]}}