{"id":34914,"date":"2011-06-05T08:10:12","date_gmt":"2011-06-05T06:10:12","guid":{"rendered":"http:\/\/www.hier-luebeck.de\/?p=34914"},"modified":"2011-06-03T12:37:23","modified_gmt":"2011-06-03T10:37:23","slug":"burgerbegehren-hurden-mussen-abgebaut-werden","status":"publish","type":"post","link":"https:\/\/hier-luebeck.de\/index.php\/burgerbegehren-hurden-mussen-abgebaut-werden\/","title":{"rendered":"B\u00fcrgerbegehren: H\u00fcrden m\u00fcssen abgebaut werden"},"content":{"rendered":"<p>Zum heute vorgestellten ersten B\u00fcrgerbegehrensbericht f\u00fcr Schleswig-Holstein des Vereins Mehr Demokratie e.V. erkl\u00e4rt die Landesvorsitzende von B\u00fcndnis 90\/Die Gr\u00fcnen, Eka von Kalben:<!--more--><\/p>\n<p>Den B\u00fcrgerInnen mehr Beteiligungsrechte zu geben, ist f\u00fcr uns ein gr\u00fcnes Kernanliegen. Die Entwicklungen in den letzten Jahren haben gezeigt, dass dies in der Bev\u00f6lkerung geteilt wird.<\/p>\n<p>Die Arbeit in den Parlamenten ist dadurch nicht \u00fcberfl\u00fcssig und nicht unwichtiger geworden. PolitikerInnen m\u00fcssen in einer sich wandelnden Demokratie mehr moderieren und in den Dialog mit den B\u00fcrgerInnen treten.<\/p>\n<p>Wir unterst\u00fctzen das von dem Verein Mehr Demokratie e.V. angestrebte B\u00fcndnis f\u00fcr eine Ausweitung von B\u00fcrgerbegehren. Das haben wir auch mit unserem Parteitagsbeschluss am letzten Wochenende unterstrichen.<\/p>\n<p>Thorsten F\u00fcrter, innenpolitischer Sprecher der Fraktion B\u00fcndnis 90\/Die Gr\u00fcnen, erg\u00e4nzt:<\/p>\n<p>B\u00fcrgerbeteiligung darf nicht nur auf dem Papier stehen. Dass ein Viertel aller Initiativen f\u00fcr B\u00fcrgerbegehren gar nicht erst zur Abstimmung kommen, ist eine entt\u00e4uschende Bilanz. Es ist mit den H\u00e4nden zu greifen, dass immer mehr B\u00fcrgerInnen mitgestalten und sich einmischen wollen. Wenn b\u00fcrokratische H\u00fcrden das erschweren, m\u00fcssen sie abgebaut werden.<\/p>\n","protected":false},"excerpt":{"rendered":"<p>Zum heute vorgestellten ersten B\u00fcrgerbegehrensbericht f\u00fcr Schleswig-Holstein des Vereins Mehr Demokratie e.V. erkl\u00e4rt die Landesvorsitzende von B\u00fcndnis 90\/Die Gr\u00fcnen, Eka<\/p>\n","protected":false},"author":3,"featured_media":0,"comment_status":"open","ping_status":"open","sticky":false,"template":"","format":"standard","meta":{"colormag_page_container_layout":"default_layout","colormag_page_sidebar_layout":"default_layout","footnotes":""},"categories":[5],"tags":[],"class_list":["post-34914","post","type-post","status-publish","format-standard","hentry","category-politik-wirtschaft"],"_links":{"self":[{"href":"https:\/\/hier-luebeck.de\/index.php\/wp-json\/wp\/v2\/posts\/34914","targetHints":{"allow":["GET"]}}],"collection":[{"href":"https:\/\/hier-luebeck.de\/index.php\/wp-json\/wp\/v2\/posts"}],"about":[{"href":"https:\/\/hier-luebeck.de\/index.php\/wp-json\/wp\/v2\/types\/post"}],"author":[{"embeddable":true,"href":"https:\/\/hier-luebeck.de\/index.php\/wp-json\/wp\/v2\/users\/3"}],"replies":[{"embeddable":true,"href":"https:\/\/hier-luebeck.de\/index.php\/wp-json\/wp\/v2\/comments?post=34914"}],"version-history":[{"count":0,"href":"https:\/\/hier-luebeck.de\/index.php\/wp-json\/wp\/v2\/posts\/34914\/revisions"}],"wp:attachment":[{"href":"https:\/\/hier-luebeck.de\/index.php\/wp-json\/wp\/v2\/media?parent=34914"}],"wp:term":[{"taxonomy":"category","embeddable":true,"href":"https:\/\/hier-luebeck.de\/index.php\/wp-json\/wp\/v2\/categories?post=34914"},{"taxonomy":"post_tag","embeddable":true,"href":"https:\/\/hier-luebeck.de\/index.php\/wp-json\/wp\/v2\/tags?post=34914"}],"curies":[{"name":"wp","href":"https:\/\/api.w.org\/{rel}","templated":true}]}}