{"id":35106,"date":"2011-06-07T08:26:21","date_gmt":"2011-06-07T06:26:21","guid":{"rendered":"http:\/\/www.hier-luebeck.de\/?p=35106"},"modified":"2011-06-07T08:26:21","modified_gmt":"2011-06-07T06:26:21","slug":"jens-christian-magnussen-und-markus-matthiesen-zu-pumpspeicherkraftwerken-in-schleswig-holstein-wir-mussen-alle-potentiale-ausschopfen","status":"publish","type":"post","link":"https:\/\/hier-luebeck.de\/index.php\/jens-christian-magnussen-und-markus-matthiesen-zu-pumpspeicherkraftwerken-in-schleswig-holstein-wir-mussen-alle-potentiale-ausschopfen\/","title":{"rendered":"Jens-Christian Magnussen und Markus Matthie\u00dfen zu Pumpspeicherkraftwerken in Schleswig-Holstein: Wir m\u00fcssen alle Potentiale aussch\u00f6pfen!"},"content":{"rendered":"<p><a rel=\"attachment wp-att-16108\" href=\"http:\/\/www.hier-luebeck.de\/2010\/06\/neues-aus-der-kulturschmiede-2\/cdu-logo-3\/\"><img loading=\"lazy\" decoding=\"async\" class=\"alignleft size-full wp-image-16108\" title=\"CDU-Logo\" src=\"http:\/\/www.hier-luebeck.de\/wp-content\/uploads\/2010\/05\/CDU-Logo1.gif\" alt=\"\" width=\"150\" height=\"57\" \/><\/a>Der energiepolitische Sprecher der CDU-Fraktion im Schleswig-Holsteinischen Landtag, Jens-Christian Magnussen, und der Lauenburger Wahlkreisabgeordnete Markus Matthie\u00dfen, haben sich daf\u00fcr ausgesprochen, in Schleswig-Holstein schnell eine hundertprozentige Nutzung von Pumpspeicherkraftwerken zu erm\u00f6glichen: <!--more--><\/p>\n<p>&#8222;Der beschlossene Umstieg auf regenerative Energieformen wirft bekanntlich viele Fragen auf. Eine davon ist, wie wir die Nutzung von Pumpspeicherkraftwerken in Schleswig-Holstein rentabel machen&#8220;, so Magnussen.<\/p>\n<p>Der Lauenburger Wahlkreisabgeordnete Markus Matthie\u00dfen f\u00fchrte aus, dass der Betrieb des Pumpspeicherkraftwerkes Geesthacht seit dem Inkrafttreten des von Rot\/Gr\u00fcn eingef\u00fchrten &#8222;Wasserpfennigs&#8220; im Jahr 2001 auf ein Minimum<br \/>\nreduziert wurde:<\/p>\n<p>&#8222;Mit dem Gesetz der Oberfl\u00e4chenwasserabgabe wurde das Kraftwerk praktisch stillgelegt. Und das, obwohl das Geesthachter Kraftwerk dem Wasserkreislauf kein Wasser entzieht&#8220;, betonte Matthie\u00dfen.<\/p>\n<p>Der Energieexperte Magnussen betonte, dass neben den immer wieder zitierten Energieformen Wind, Sonne und Biomasse auch Stromerzeugungsanlagen aus Wasserkraft auf der Agenda stehen m\u00fcssten: &#8222;Das gilt um so mehr, als Pumpspeicherkraftwerke die M\u00f6glichkeit der Energiespeicherung aus erneuerbaren Energien dienen.&#8220; Dies zeige das<br \/>\nBeispiel Norwegen, wo mit diesen Kraftwerken nahezu 100 Prozent ihres Stromes aus erneuerbaren Energien produzierten werden.<\/p>\n<p>Neben der Ank\u00fcndigung der Firmen Holcim Zement und der e.on, die einen Kooperationsvertrag zur Pr\u00fcfung eines Pump-Speicher-Kraftwerkes in L\u00e4gerdorf geschlossen h\u00e4tten, setze sich die CDU derzeit mit der Situation desmPump-Speicher-Kraftwerkes in Geesthacht auseinander. Dazu w\u00fcrden bereits seit l\u00e4ngerem intensive Gespr\u00e4che mit dem Betreiber Vattenfall gef\u00fchrt, betonten die beiden CDU-Politiker.<\/p>\n<p>So habe bereits Umweltminister Dr. Christian von Boetticher dem Betreiber Vattenfall Wege aufgezeigt, wie die Voraussetzungen f\u00fcr einen rentablen Betrieb geschaffen werden k\u00f6nnen. &#8222;Auf dieser Grundlage wollen wir die Gespr\u00e4che intensivieren&#8220;, betonte Matthie\u00dfen abschlie\u00dfend.<\/p>\n","protected":false},"excerpt":{"rendered":"<p>Der energiepolitische Sprecher der CDU-Fraktion im Schleswig-Holsteinischen Landtag, Jens-Christian Magnussen, und der Lauenburger Wahlkreisabgeordnete Markus Matthie\u00dfen, haben sich daf\u00fcr ausgesprochen,<\/p>\n","protected":false},"author":3,"featured_media":0,"comment_status":"open","ping_status":"open","sticky":false,"template":"","format":"standard","meta":{"colormag_page_container_layout":"default_layout","colormag_page_sidebar_layout":"default_layout","footnotes":""},"categories":[5],"tags":[],"class_list":["post-35106","post","type-post","status-publish","format-standard","hentry","category-politik-wirtschaft"],"_links":{"self":[{"href":"https:\/\/hier-luebeck.de\/index.php\/wp-json\/wp\/v2\/posts\/35106","targetHints":{"allow":["GET"]}}],"collection":[{"href":"https:\/\/hier-luebeck.de\/index.php\/wp-json\/wp\/v2\/posts"}],"about":[{"href":"https:\/\/hier-luebeck.de\/index.php\/wp-json\/wp\/v2\/types\/post"}],"author":[{"embeddable":true,"href":"https:\/\/hier-luebeck.de\/index.php\/wp-json\/wp\/v2\/users\/3"}],"replies":[{"embeddable":true,"href":"https:\/\/hier-luebeck.de\/index.php\/wp-json\/wp\/v2\/comments?post=35106"}],"version-history":[{"count":0,"href":"https:\/\/hier-luebeck.de\/index.php\/wp-json\/wp\/v2\/posts\/35106\/revisions"}],"wp:attachment":[{"href":"https:\/\/hier-luebeck.de\/index.php\/wp-json\/wp\/v2\/media?parent=35106"}],"wp:term":[{"taxonomy":"category","embeddable":true,"href":"https:\/\/hier-luebeck.de\/index.php\/wp-json\/wp\/v2\/categories?post=35106"},{"taxonomy":"post_tag","embeddable":true,"href":"https:\/\/hier-luebeck.de\/index.php\/wp-json\/wp\/v2\/tags?post=35106"}],"curies":[{"name":"wp","href":"https:\/\/api.w.org\/{rel}","templated":true}]}}