{"id":35109,"date":"2011-06-07T08:27:25","date_gmt":"2011-06-07T06:27:25","guid":{"rendered":"http:\/\/www.hier-luebeck.de\/?p=35109"},"modified":"2011-06-07T08:27:25","modified_gmt":"2011-06-07T06:27:25","slug":"der-norddeutsche-raum-muss-sich-gemeinsam-der-energiewende-stellen","status":"publish","type":"post","link":"https:\/\/hier-luebeck.de\/index.php\/der-norddeutsche-raum-muss-sich-gemeinsam-der-energiewende-stellen\/","title":{"rendered":"Der norddeutsche Raum muss sich gemeinsam der Energiewende stellen"},"content":{"rendered":"<p>Zur Anh\u00f6rung des Themenkomplexes \u201eUmwelt, Klima, Energie\u201c der Enquetekommission Norddeutsche Kooperation sagt die Landtagsabgeordnete und Mitglied in der Enquete f\u00fcr B\u00fcndnis 90\/Die Gr\u00fcnen, Ines Strehlau:<!--more--><\/p>\n<p>Die Reaktorkatastrophe in Japan hat das Thema Umwelt und Energie ganz oben auf die politische Tagesordnung gesetzt. Als Konsequenz wird Deutschland aus der Atomenergie aussteigen.<\/p>\n<p>Um ein nachhaltiges Energiekonzept auf die Beine zu stellen, k\u00f6nnen die Bundesl\u00e4nder nicht allein handeln. Der norddeutsche Raum muss sich gemeinsam der Energiewende stellen. Das best\u00e4tigen auch die angeh\u00f6rten Energie- und Umweltexperten in der heutigen Sitzung der Enquetekommission Norddeutsche Kooperation.<\/p>\n<p>Die Konzepte zu Erzeugung, Transport und Nutzung regenerativer Energien k\u00f6nnen nur grenz\u00fcberschreitend funktionieren: Den zuk\u00fcnftigen Energiebedarf m\u00fcssen die Bundesl\u00e4ndern in enger Abstimmung ermitteln. Auch die Planung, wie eine bedarfsangepasste Energieerzeugung Klima schonend realisiert werden kann, muss l\u00e4nder\u00fcbergreifend erfolgen. Gleiches gilt f\u00fcr den Ausbau der Energienetze. Last but not least bietet die Forschung zu Energieeffizienz und Erneuerbaren Energien genau dann die gr\u00f6\u00dften Chancen, wenn im norddeutschen Raum, bundesweit und international kooperiert wird.<\/p>\n<p>F\u00fcr Schleswig-Holstein bietet der Atomausstieg die Chance durch Vernetzungen zwischen traditioneller maritimer Industrie und Windenergie wieder an die Spitze im Bereich der Windenergie anzuschlie\u00dfen. Das gilt sowohl f\u00fcr die Onshore- als auch f\u00fcr die Offshore-Technik.<\/p>\n","protected":false},"excerpt":{"rendered":"<p>Zur Anh\u00f6rung des Themenkomplexes \u201eUmwelt, Klima, Energie\u201c der Enquetekommission Norddeutsche Kooperation sagt die Landtagsabgeordnete und Mitglied in der Enquete f\u00fcr<\/p>\n","protected":false},"author":3,"featured_media":0,"comment_status":"open","ping_status":"open","sticky":false,"template":"","format":"standard","meta":{"colormag_page_container_layout":"default_layout","colormag_page_sidebar_layout":"default_layout","footnotes":""},"categories":[5],"tags":[],"class_list":["post-35109","post","type-post","status-publish","format-standard","hentry","category-politik-wirtschaft"],"_links":{"self":[{"href":"https:\/\/hier-luebeck.de\/index.php\/wp-json\/wp\/v2\/posts\/35109","targetHints":{"allow":["GET"]}}],"collection":[{"href":"https:\/\/hier-luebeck.de\/index.php\/wp-json\/wp\/v2\/posts"}],"about":[{"href":"https:\/\/hier-luebeck.de\/index.php\/wp-json\/wp\/v2\/types\/post"}],"author":[{"embeddable":true,"href":"https:\/\/hier-luebeck.de\/index.php\/wp-json\/wp\/v2\/users\/3"}],"replies":[{"embeddable":true,"href":"https:\/\/hier-luebeck.de\/index.php\/wp-json\/wp\/v2\/comments?post=35109"}],"version-history":[{"count":0,"href":"https:\/\/hier-luebeck.de\/index.php\/wp-json\/wp\/v2\/posts\/35109\/revisions"}],"wp:attachment":[{"href":"https:\/\/hier-luebeck.de\/index.php\/wp-json\/wp\/v2\/media?parent=35109"}],"wp:term":[{"taxonomy":"category","embeddable":true,"href":"https:\/\/hier-luebeck.de\/index.php\/wp-json\/wp\/v2\/categories?post=35109"},{"taxonomy":"post_tag","embeddable":true,"href":"https:\/\/hier-luebeck.de\/index.php\/wp-json\/wp\/v2\/tags?post=35109"}],"curies":[{"name":"wp","href":"https:\/\/api.w.org\/{rel}","templated":true}]}}