{"id":35111,"date":"2011-06-07T08:29:34","date_gmt":"2011-06-07T06:29:34","guid":{"rendered":"http:\/\/www.hier-luebeck.de\/?p=35111"},"modified":"2011-06-07T08:29:34","modified_gmt":"2011-06-07T06:29:34","slug":"informationen-zu-ehec-infektionen-4","status":"publish","type":"post","link":"https:\/\/hier-luebeck.de\/index.php\/informationen-zu-ehec-infektionen-4\/","title":{"rendered":"Informationen zu EHEC-Infektionen"},"content":{"rendered":"<p>KIEL. In Schleswig-Holstein sind bis heute (06. Juni) 588 best\u00e4tigte EHEC-Infektionen und 167 best\u00e4tigte HUS-F\u00e4lle dem Kompetenzzentrum f\u00fcr das Meldewesen \u00fcbertragbarer Erkrankungen gemeldet worden (05. Juni: 554 EHEC-Infektionen und 162 HUSF\u00e4lle).<!--more--><br \/>\nHinweis: Die Meldungen von HUS-F\u00e4llen basieren auf den durch \u00c4rzte festgestellten Krankheitssymptomen, die Meldungen von EHEC-Infektionen erfolgt erst nach einem Labornachweis des Erregers. Der Erregernachweis dauert in der Regel zwei Tage.<\/p>\n<p>Nach Angaben des Gesundheitsamtes Kreis Segeberg ist am Freitag, 3.6., eine 90j\u00e4hrige Frau in Folge der EHEC-Infektion verstorben (HUS). Damit sind dem Gesundheitsministerium bislang (6.Juni) 6 Todesf\u00e4lle in Folge einer EHEC-Infektion in Schleswig-Holstein bekannt.<br \/>\nGesundheitsminister Dr. Heiner Garg betonte: &#8222;\u201eDie Situation in den Krankenh\u00e4usern ist nach wie vor angespannt. Nach den heutigen direkten R\u00fcckmeldungen der Kliniken in Schleswig-Holstein scheint sich der Anstieg der Erkrankungszahlen allerdings zu verlangsamen\u201c&#8220;.<\/p>\n<p>Hinweis an die Redaktionen: Morgen, 7. Juni, 14 Uhr, Landeshaus Raum 395 in Kiel informiert Sie in einem Pressegespr\u00e4ch Gesundheitsminister Dr. Heiner Garg zur aktuellen Situation.<\/p>\n<p>Weitere Informationen:<\/p>\n<p>Empfehlung der Bundeszentrale f\u00fcr gesundheitliche Aufkl\u00e4rung:<br \/>\nwww.bzga.de<\/p>\n<p>Das Bundesministerium f\u00fcr Gesundheit hat zum Thema EHEC unter der Telefonnummer 01805 &#8211; 99 66 01 ein B\u00fcrgertelefon eingerichtet.<\/p>\n<p>Das B\u00fcrgerreferat des Bundesverbraucherministerium ist unter der Rufnummer 030 &#8211; 185 29 3377 (werktags 10 bis 17 Uhr) erreichbar.<\/p>\n<p>www.bmelv.de\/SharedDocs\/Standardartikel\/Ernaehrung\/SichereLebensmittel\/Hygiene\/EHEC_Aktuelle_Informationen_BMELV.html<\/p>\n<p>www.ehec.schleswig-holstein.de<\/p>\n","protected":false},"excerpt":{"rendered":"<p>KIEL. In Schleswig-Holstein sind bis heute (06. Juni) 588 best\u00e4tigte EHEC-Infektionen und 167 best\u00e4tigte HUS-F\u00e4lle dem Kompetenzzentrum f\u00fcr das Meldewesen<\/p>\n","protected":false},"author":3,"featured_media":0,"comment_status":"open","ping_status":"open","sticky":false,"template":"","format":"standard","meta":{"colormag_page_container_layout":"default_layout","colormag_page_sidebar_layout":"default_layout","footnotes":""},"categories":[5],"tags":[],"class_list":["post-35111","post","type-post","status-publish","format-standard","hentry","category-politik-wirtschaft"],"_links":{"self":[{"href":"https:\/\/hier-luebeck.de\/index.php\/wp-json\/wp\/v2\/posts\/35111","targetHints":{"allow":["GET"]}}],"collection":[{"href":"https:\/\/hier-luebeck.de\/index.php\/wp-json\/wp\/v2\/posts"}],"about":[{"href":"https:\/\/hier-luebeck.de\/index.php\/wp-json\/wp\/v2\/types\/post"}],"author":[{"embeddable":true,"href":"https:\/\/hier-luebeck.de\/index.php\/wp-json\/wp\/v2\/users\/3"}],"replies":[{"embeddable":true,"href":"https:\/\/hier-luebeck.de\/index.php\/wp-json\/wp\/v2\/comments?post=35111"}],"version-history":[{"count":0,"href":"https:\/\/hier-luebeck.de\/index.php\/wp-json\/wp\/v2\/posts\/35111\/revisions"}],"wp:attachment":[{"href":"https:\/\/hier-luebeck.de\/index.php\/wp-json\/wp\/v2\/media?parent=35111"}],"wp:term":[{"taxonomy":"category","embeddable":true,"href":"https:\/\/hier-luebeck.de\/index.php\/wp-json\/wp\/v2\/categories?post=35111"},{"taxonomy":"post_tag","embeddable":true,"href":"https:\/\/hier-luebeck.de\/index.php\/wp-json\/wp\/v2\/tags?post=35111"}],"curies":[{"name":"wp","href":"https:\/\/api.w.org\/{rel}","templated":true}]}}