{"id":35131,"date":"2011-06-07T13:33:01","date_gmt":"2011-06-07T11:33:01","guid":{"rendered":"http:\/\/www.hier-luebeck.de\/?p=35131"},"modified":"2011-06-07T13:33:01","modified_gmt":"2011-06-07T11:33:01","slug":"sommerfest-im-hudekamp","status":"publish","type":"post","link":"https:\/\/hier-luebeck.de\/index.php\/sommerfest-im-hudekamp\/","title":{"rendered":"Sommerfest im Hudekamp"},"content":{"rendered":"<p>Gefeiert wird am Sonnabend, 18. Juni 2011<\/p>\n<p>Am Sonnabend, 18. Juni 2011, veranstalten Bewohner und Bewohnerinnen des Hudekamp in Kooperation mit dem Nachbarschaftsb\u00fcro und dem Jugendtreff des Internationalen Bundes ein gro\u00dfes Sommerfest. Zwischen 14 bis 18 Uhr wird ein abwechslungsreiches Programm geboten: Es gibt viele Aktionen f\u00fcr Klein und Gro\u00df auf dem Gel\u00e4nde des Hudekamp 17 \u2013 27 wie Karaoke, Tanz, Live-Musik, H\u00fcpfburg und vieles mehr.<!--more--><\/p>\n<p>Au\u00dferdem bereichern der Kindergarten des Hudekamp, das Deutsche Rote Kreuz und der Migrationsfachdienst der Gemeindediakonie das Fest durch Angebote. Auch die kulinarischen Gen\u00fcsse kommen nicht zu kurz: Kurdische K\u00f6stlichkeiten, Salate, W\u00fcrstchen, Kuchen, Getr\u00e4nke und andere leckere Dinge stehen bereit.<\/p>\n","protected":false},"excerpt":{"rendered":"<p>Gefeiert wird am Sonnabend, 18. Juni 2011 Am Sonnabend, 18. Juni 2011, veranstalten Bewohner und Bewohnerinnen des Hudekamp in Kooperation<\/p>\n","protected":false},"author":3,"featured_media":0,"comment_status":"open","ping_status":"open","sticky":false,"template":"","format":"standard","meta":{"colormag_page_container_layout":"default_layout","colormag_page_sidebar_layout":"default_layout","footnotes":""},"categories":[13],"tags":[],"class_list":["post-35131","post","type-post","status-publish","format-standard","hentry","category-veranstaltungen"],"_links":{"self":[{"href":"https:\/\/hier-luebeck.de\/index.php\/wp-json\/wp\/v2\/posts\/35131","targetHints":{"allow":["GET"]}}],"collection":[{"href":"https:\/\/hier-luebeck.de\/index.php\/wp-json\/wp\/v2\/posts"}],"about":[{"href":"https:\/\/hier-luebeck.de\/index.php\/wp-json\/wp\/v2\/types\/post"}],"author":[{"embeddable":true,"href":"https:\/\/hier-luebeck.de\/index.php\/wp-json\/wp\/v2\/users\/3"}],"replies":[{"embeddable":true,"href":"https:\/\/hier-luebeck.de\/index.php\/wp-json\/wp\/v2\/comments?post=35131"}],"version-history":[{"count":0,"href":"https:\/\/hier-luebeck.de\/index.php\/wp-json\/wp\/v2\/posts\/35131\/revisions"}],"wp:attachment":[{"href":"https:\/\/hier-luebeck.de\/index.php\/wp-json\/wp\/v2\/media?parent=35131"}],"wp:term":[{"taxonomy":"category","embeddable":true,"href":"https:\/\/hier-luebeck.de\/index.php\/wp-json\/wp\/v2\/categories?post=35131"},{"taxonomy":"post_tag","embeddable":true,"href":"https:\/\/hier-luebeck.de\/index.php\/wp-json\/wp\/v2\/tags?post=35131"}],"curies":[{"name":"wp","href":"https:\/\/api.w.org\/{rel}","templated":true}]}}