{"id":35135,"date":"2011-06-07T13:36:03","date_gmt":"2011-06-07T11:36:03","guid":{"rendered":"http:\/\/www.hier-luebeck.de\/?p=35135"},"modified":"2011-06-07T13:36:03","modified_gmt":"2011-06-07T11:36:03","slug":"hafen-und-seemannsamt-lubeck-zieht-um","status":"publish","type":"post","link":"https:\/\/hier-luebeck.de\/index.php\/hafen-und-seemannsamt-lubeck-zieht-um\/","title":{"rendered":"Hafen- und Seemannsamt L\u00fcbeck zieht um"},"content":{"rendered":"<p>Neuer Standort ab 21. Juni in der Ziegelstra\u00dfe 2<\/p>\n<p>Ab Mittwoch, 21. Juni 2011, ist das Hafen- und Seemannsamt an seinem neuen Standort in der Ziegelstra\u00dfe 2 zu finden. Damit ist es mit den \u00fcbrigen Abteilungen der L\u00fcbeck Port Authority r\u00e4umlich vereint. Bislang sind die Kollegen im Geb\u00e4ude Sch\u00fcsselbuden 16 untergebracht.<!--more--><\/p>\n<p>Am Umzugstag, Dienstag, 21. Juni, ist die Erreichbarkeit des Hafen- und Seemannsamtes der Hansestadt L\u00fcbeck nur eingeschr\u00e4nkt gew\u00e4hrleistet. Ab Mittwoch stehen die Mitarbeiterinnen und Mitarbeiter des Hafen- und Seemannsamt dann wieder zu den gewohnten Zeiten in den neuen R\u00e4umen zur Verf\u00fcgung.<\/p>\n<p>Die Mitarbeiterinnen und Mitarbeiter des Hafen- und Seemannsamtes bitten um Verst\u00e4ndnis.<\/p>\n","protected":false},"excerpt":{"rendered":"<p>Neuer Standort ab 21. Juni in der Ziegelstra\u00dfe 2 Ab Mittwoch, 21. Juni 2011, ist das Hafen- und Seemannsamt an<\/p>\n","protected":false},"author":3,"featured_media":0,"comment_status":"open","ping_status":"open","sticky":false,"template":"","format":"standard","meta":{"colormag_page_container_layout":"default_layout","colormag_page_sidebar_layout":"default_layout","footnotes":""},"categories":[14],"tags":[],"class_list":["post-35135","post","type-post","status-publish","format-standard","hentry","category-tipps-informationen"],"_links":{"self":[{"href":"https:\/\/hier-luebeck.de\/index.php\/wp-json\/wp\/v2\/posts\/35135","targetHints":{"allow":["GET"]}}],"collection":[{"href":"https:\/\/hier-luebeck.de\/index.php\/wp-json\/wp\/v2\/posts"}],"about":[{"href":"https:\/\/hier-luebeck.de\/index.php\/wp-json\/wp\/v2\/types\/post"}],"author":[{"embeddable":true,"href":"https:\/\/hier-luebeck.de\/index.php\/wp-json\/wp\/v2\/users\/3"}],"replies":[{"embeddable":true,"href":"https:\/\/hier-luebeck.de\/index.php\/wp-json\/wp\/v2\/comments?post=35135"}],"version-history":[{"count":0,"href":"https:\/\/hier-luebeck.de\/index.php\/wp-json\/wp\/v2\/posts\/35135\/revisions"}],"wp:attachment":[{"href":"https:\/\/hier-luebeck.de\/index.php\/wp-json\/wp\/v2\/media?parent=35135"}],"wp:term":[{"taxonomy":"category","embeddable":true,"href":"https:\/\/hier-luebeck.de\/index.php\/wp-json\/wp\/v2\/categories?post=35135"},{"taxonomy":"post_tag","embeddable":true,"href":"https:\/\/hier-luebeck.de\/index.php\/wp-json\/wp\/v2\/tags?post=35135"}],"curies":[{"name":"wp","href":"https:\/\/api.w.org\/{rel}","templated":true}]}}