{"id":35348,"date":"2011-06-10T09:48:57","date_gmt":"2011-06-10T07:48:57","guid":{"rendered":"http:\/\/www.hier-luebeck.de\/?p=35348"},"modified":"2011-06-09T18:06:07","modified_gmt":"2011-06-09T16:06:07","slug":"medienqualifizierung-fur-erzieherinnen","status":"publish","type":"post","link":"https:\/\/hier-luebeck.de\/index.php\/medienqualifizierung-fur-erzieherinnen\/","title":{"rendered":"Medienqualifizierung f\u00fcr Erzieherinnen"},"content":{"rendered":"<p><a rel=\"attachment wp-att-16356\" href=\"http:\/\/www.hier-luebeck.de\/2010\/06\/vhs-vortrag-uber-den-umgang-mit-rechenschwache\/vhslogo-5\/\"><img loading=\"lazy\" decoding=\"async\" class=\"alignleft size-full wp-image-16356\" title=\"VHSLogo\" src=\"http:\/\/www.hier-luebeck.de\/wp-content\/uploads\/2010\/05\/VHSLogo.jpg\" alt=\"\" width=\"218\" height=\"96\" \/><\/a>VHS bietet Kurs f\u00fcr Kita-Besch\u00e4ftigte an \u2013 Start Ende Oktober<\/p>\n<p>Der Umgang mit (elektronischen) Medien wird auch f\u00fcr Erzieherinnen und Erzieher immer wichtiger. Vor diesem Hintergrund hat die Initiative \u201eSchulen ans Netz e.V.\u201c ein Konzept zur Medienqualifizierung speziell f\u00fcr Erzieherinnen und Erzieher entwickelt. Auch die VHS L\u00fcbeck bietet eine solche Fortbildung an.<!--more--><\/p>\n<p>Der n\u00e4chste Kurs beginnt am 27. Oktober, und findet dann am 2. und 3. sowie 10. und 17. November, jeweils von 8 bis 16.30 Uhr statt. Da das Bundesministerium f\u00fcr Bildung und Forschung und der Europ\u00e4ische Sozialfonds die Qualifizierung f\u00f6rdern, ist die Teilnahme an der Fortbildung f\u00fcr Mitarbeitende von Kindertagesst\u00e4tten kostenfrei. Weitere Informationen erteilt die VHS L\u00fcbeck unter der Telefonnummer (0451) 122-4028.<\/p>\n","protected":false},"excerpt":{"rendered":"<p>VHS bietet Kurs f\u00fcr Kita-Besch\u00e4ftigte an \u2013 Start Ende Oktober Der Umgang mit (elektronischen) Medien wird auch f\u00fcr Erzieherinnen und<\/p>\n","protected":false},"author":3,"featured_media":0,"comment_status":"open","ping_status":"open","sticky":false,"template":"","format":"standard","meta":{"colormag_page_container_layout":"default_layout","colormag_page_sidebar_layout":"default_layout","footnotes":""},"categories":[13],"tags":[],"class_list":["post-35348","post","type-post","status-publish","format-standard","hentry","category-veranstaltungen"],"_links":{"self":[{"href":"https:\/\/hier-luebeck.de\/index.php\/wp-json\/wp\/v2\/posts\/35348","targetHints":{"allow":["GET"]}}],"collection":[{"href":"https:\/\/hier-luebeck.de\/index.php\/wp-json\/wp\/v2\/posts"}],"about":[{"href":"https:\/\/hier-luebeck.de\/index.php\/wp-json\/wp\/v2\/types\/post"}],"author":[{"embeddable":true,"href":"https:\/\/hier-luebeck.de\/index.php\/wp-json\/wp\/v2\/users\/3"}],"replies":[{"embeddable":true,"href":"https:\/\/hier-luebeck.de\/index.php\/wp-json\/wp\/v2\/comments?post=35348"}],"version-history":[{"count":0,"href":"https:\/\/hier-luebeck.de\/index.php\/wp-json\/wp\/v2\/posts\/35348\/revisions"}],"wp:attachment":[{"href":"https:\/\/hier-luebeck.de\/index.php\/wp-json\/wp\/v2\/media?parent=35348"}],"wp:term":[{"taxonomy":"category","embeddable":true,"href":"https:\/\/hier-luebeck.de\/index.php\/wp-json\/wp\/v2\/categories?post=35348"},{"taxonomy":"post_tag","embeddable":true,"href":"https:\/\/hier-luebeck.de\/index.php\/wp-json\/wp\/v2\/tags?post=35348"}],"curies":[{"name":"wp","href":"https:\/\/api.w.org\/{rel}","templated":true}]}}