{"id":35351,"date":"2011-06-10T08:06:13","date_gmt":"2011-06-10T06:06:13","guid":{"rendered":"http:\/\/www.hier-luebeck.de\/?p=35351"},"modified":"2011-06-09T18:07:36","modified_gmt":"2011-06-09T16:07:36","slug":"landwirtschaftsministerin-dr-juliane-rumpf-wurdigt-verdienste-der-jagerschaft-bei-biotopgestaltung-und-umweltbildung","status":"publish","type":"post","link":"https:\/\/hier-luebeck.de\/index.php\/landwirtschaftsministerin-dr-juliane-rumpf-wurdigt-verdienste-der-jagerschaft-bei-biotopgestaltung-und-umweltbildung\/","title":{"rendered":"Landwirtschaftsministerin Dr. Juliane Rumpf w\u00fcrdigt Verdienste der J\u00e4gerschaft bei Biotopgestaltung und Umweltbildung"},"content":{"rendered":"<p>BOKHOLT-HANREDDER. Landwirtschaftsministerin Dr. Juliane Rumpf hat sich gemeinsam mit dem Pr\u00e4sidenten des Landesjagdverbandes Schleswig-Holstein e. V., Dr. Klaus-Hinnerk Baasch, sowie Vertretern der Kreisj\u00e4gerschaft \u00fcber Ma\u00dfnahmen der Biotopgestaltung und Umweltbildung im Jagdrevier Seeth-Ekholt im Kreis Pinneberg informiert.<!--more--><\/p>\n<p>In dem gemeinschaftlichen Jagdbezirk wurden in beispielhafter Weise Wasserfl\u00e4chen geschaffen, standortgerechte Geh\u00f6lze gepflanzt, Kopfweiden gepflegt, Wild\u00e4cker und Heidefl\u00e4chen angelegt sowie Nisthilfen f\u00fcr V\u00f6gel ausgebracht. Zur Renaturierung des 60 Hektar gro\u00dfen Hammoores hat die J\u00e4gerschaft eigens einen Tr\u00e4gerverein gegr\u00fcndet. &#8222;&#8220;Als J\u00e4ger engagieren wir uns nicht nur f\u00fcr den Naturschutz, wir erkl\u00e4ren dies auch der \u00d6ffentlichkeit&#8220;&#8220;, stellte Jagdp\u00e4chter Dieter Inselmann fest. Hierzu finden regelm\u00e4\u00dfig gemeinsame Pirschg\u00e4nge der J\u00e4ger mit Kindergartengruppen sowie F\u00fchrungen von Schulklassen statt.<\/p>\n<p>Die Ministerin \u00e4u\u00dferte sich sehr anerkennend \u00fcber die landesweit zu beobachtenden Aktivit\u00e4ten der J\u00e4gerschaft. &#8222;&#8220;Oft wird den J\u00e4gern Eigennutz unterstellt, wenn sie Biotope begr\u00fcnden und pflegen. Hier in Seeth-Ekholt sehen wir, dass ehrenamtlich und mit gro\u00dfer innerer \u00dcberzeugung viel Gutes f\u00fcr die gesamte Natur getan wird. Dabei sehe ich keinen Unterschied, ob eine Ma\u00dfnahme jagdlich nutzbaren Tierarten wie Hasen und Rehen oder aber Flederm\u00e4usen hilft&#8220;&#8220;, stellte Frau Rumpf fest. Sie verwies in diesem Zusammenhang auch auf die Bedeutung der von den J\u00e4gern gezahlten Jagdabgabe, die ein bedeutendes finanzielles Instrument des Landes zur F\u00f6rderung von Biotop- und Monitoringma\u00dfnahmen darstelle.<\/p>\n","protected":false},"excerpt":{"rendered":"<p>BOKHOLT-HANREDDER. Landwirtschaftsministerin Dr. Juliane Rumpf hat sich gemeinsam mit dem Pr\u00e4sidenten des Landesjagdverbandes Schleswig-Holstein e. V., Dr. Klaus-Hinnerk Baasch, sowie<\/p>\n","protected":false},"author":3,"featured_media":0,"comment_status":"open","ping_status":"open","sticky":false,"template":"","format":"standard","meta":{"colormag_page_container_layout":"default_layout","colormag_page_sidebar_layout":"default_layout","footnotes":""},"categories":[5],"tags":[],"class_list":["post-35351","post","type-post","status-publish","format-standard","hentry","category-politik-wirtschaft"],"_links":{"self":[{"href":"https:\/\/hier-luebeck.de\/index.php\/wp-json\/wp\/v2\/posts\/35351","targetHints":{"allow":["GET"]}}],"collection":[{"href":"https:\/\/hier-luebeck.de\/index.php\/wp-json\/wp\/v2\/posts"}],"about":[{"href":"https:\/\/hier-luebeck.de\/index.php\/wp-json\/wp\/v2\/types\/post"}],"author":[{"embeddable":true,"href":"https:\/\/hier-luebeck.de\/index.php\/wp-json\/wp\/v2\/users\/3"}],"replies":[{"embeddable":true,"href":"https:\/\/hier-luebeck.de\/index.php\/wp-json\/wp\/v2\/comments?post=35351"}],"version-history":[{"count":0,"href":"https:\/\/hier-luebeck.de\/index.php\/wp-json\/wp\/v2\/posts\/35351\/revisions"}],"wp:attachment":[{"href":"https:\/\/hier-luebeck.de\/index.php\/wp-json\/wp\/v2\/media?parent=35351"}],"wp:term":[{"taxonomy":"category","embeddable":true,"href":"https:\/\/hier-luebeck.de\/index.php\/wp-json\/wp\/v2\/categories?post=35351"},{"taxonomy":"post_tag","embeddable":true,"href":"https:\/\/hier-luebeck.de\/index.php\/wp-json\/wp\/v2\/tags?post=35351"}],"curies":[{"name":"wp","href":"https:\/\/api.w.org\/{rel}","templated":true}]}}