{"id":35357,"date":"2011-06-10T10:11:13","date_gmt":"2011-06-10T08:11:13","guid":{"rendered":"http:\/\/www.hier-luebeck.de\/?p=35357"},"modified":"2011-06-09T18:12:23","modified_gmt":"2011-06-09T16:12:23","slug":"129-kieler-woche-erstmals-zuge-am-wochenende-nach-schonberg-sowie-165-zusatzliche-zuge","status":"publish","type":"post","link":"https:\/\/hier-luebeck.de\/index.php\/129-kieler-woche-erstmals-zuge-am-wochenende-nach-schonberg-sowie-165-zusatzliche-zuge\/","title":{"rendered":"129. Kieler Woche: Erstmals Z\u00fcge am Wochenende nach Sch\u00f6nberg sowie 165 zus\u00e4tzliche Z\u00fcge"},"content":{"rendered":"<p>Verkehrs- und Tourismusminister Jost de Jager: \u201eWir m\u00f6chten, dass die G\u00e4ste die Kieler Woche unbeschwert genie\u00dfen k\u00f6nnen.<\/p>\n<p>Die Deutsche Bahn AG hat sich auch in diesem Jahr wieder gut vorbereitet auf die tausenden Besucher der Kieler Woche, die wieder mit dem Zug an- und abreisen werden. Erstmals f\u00e4hrt die Regionalbahn Schleswig-Holstein (RB SH ) an den Wochenenden von 9 bis 19 Uhr Z\u00fcge von Kiel Hbf nach Sch\u00f6nberg und zur\u00fcck im Zweistundentakt. In Sch\u00f6nberg besteht jeweils Anschluss an die Museumsbahn bis zum Sch\u00f6nberger Strand. Der Sonderfahrplan ist im Internet ver\u00f6ffentlicht unter www.vvm-museumsbahn.de.<!--more--><\/p>\n<p>Au\u00dferdem fahren vom 17. bis 26. Juni insgesamt 165 zus\u00e4tzliche Z\u00fcge nach Eckernf\u00f6rde, L\u00fcbeck und Neum\u00fcnster, an den Wochenenden die ganze Nacht hindurch sogar st\u00fcndlich. Die zus\u00e4tzlichen Z\u00fcge hat die Landesweite Verkehrsservicegesellschaft (LVS Schleswig-Holstein) bei der Regionalbahn Schleswig-Holstein bestellt. Verkehrsminister Jost de Jager, zugleich zust\u00e4ndig f\u00fcr den Tourismus in Schleswig-Holstein: \u201e&#8220;Wir m\u00f6chten, dass die G\u00e4ste die Kieler Woche unbeschwert genie\u00dfen k\u00f6nnen. Das Land hat f\u00fcr die Bestellung der Z\u00fcge 200.000 Euro zus\u00e4tzlich zur Verf\u00fcgung gestellt.&#8220;\u201c<br \/>\nDas Zusatzangebot<\/p>\n<p>In vielen Z\u00fcgen wird das Platzangebot durch zus\u00e4tzliche Wagen erh\u00f6ht. Die zus\u00e4tzlichen Z\u00fcge sind im Internet unter www.bahn.de abrufbar. F\u00fcr alle Z\u00fcge der RB SH nach 22 Uhr ab Kiel Hbf gibt es ein zus\u00e4tzliches Faltblatt mit dem \u201eKieler-Woche-Fahrplan\u201c. Dieses gibt es ab n\u00e4chster Woche in ausgew\u00e4hlten Reisezentren sowie im Internet unter www.bahn.de\/regio-sh.<\/p>\n<p>Torsten Reh, Sprecher der RB SH: \u201e&#8220;Viele Besucher der Kieler Woche nutzen das umfangreiche Bahnangebot. Sie wissen, dass sie zuverl\u00e4ssig und ohne Parkplatzsuche mit dem Zug anreisen und auch nachts wieder zur\u00fcckfahren k\u00f6nnen.&#8220;\u201c Der Kieler Bahnhofsmanager, Ulrich Demmer, erg\u00e4nzt: \u201e&#8220;Unsere Mitarbeiter freuen sich darauf, allen Besuchern der Kieler Woche einen freundlichen Empfang zu bieten. Unsere Service-Mitarbeiter, die DB Sicherheit, die Bundespolizei und viele Helfer hinter den Kulissen sorgen rund um die Uhr f\u00fcr Service, Sicherheit und Sauberkeit im Bahnhof. Die attraktiven Bahnhofsgesch\u00e4fte sind auf den Besucheransturm ebenfalls bestens vorbereitet.&#8220;\u201c<\/p>\n<p>Da viele Besucher ihr Gep\u00e4ck in einem Schlie\u00dffach aufbewahren wollen, wurden in diesem Jahr 100 zus\u00e4tzliche Schlie\u00dff\u00e4cher im Bahnhof aufgestellt. Die DB Information ist als Anlaufstelle f\u00fcr die Reisenden von Montag bis Freitag von 6 Uhr bis 24 Uhr, samstags und sonntags von 6 Uhr bis 2 Uhr besetzt.<\/p>\n","protected":false},"excerpt":{"rendered":"<p>Verkehrs- und Tourismusminister Jost de Jager: \u201eWir m\u00f6chten, dass die G\u00e4ste die Kieler Woche unbeschwert genie\u00dfen k\u00f6nnen. Die Deutsche Bahn<\/p>\n","protected":false},"author":3,"featured_media":0,"comment_status":"open","ping_status":"open","sticky":false,"template":"","format":"standard","meta":{"colormag_page_container_layout":"default_layout","colormag_page_sidebar_layout":"default_layout","footnotes":""},"categories":[5],"tags":[],"class_list":["post-35357","post","type-post","status-publish","format-standard","hentry","category-politik-wirtschaft"],"_links":{"self":[{"href":"https:\/\/hier-luebeck.de\/index.php\/wp-json\/wp\/v2\/posts\/35357","targetHints":{"allow":["GET"]}}],"collection":[{"href":"https:\/\/hier-luebeck.de\/index.php\/wp-json\/wp\/v2\/posts"}],"about":[{"href":"https:\/\/hier-luebeck.de\/index.php\/wp-json\/wp\/v2\/types\/post"}],"author":[{"embeddable":true,"href":"https:\/\/hier-luebeck.de\/index.php\/wp-json\/wp\/v2\/users\/3"}],"replies":[{"embeddable":true,"href":"https:\/\/hier-luebeck.de\/index.php\/wp-json\/wp\/v2\/comments?post=35357"}],"version-history":[{"count":0,"href":"https:\/\/hier-luebeck.de\/index.php\/wp-json\/wp\/v2\/posts\/35357\/revisions"}],"wp:attachment":[{"href":"https:\/\/hier-luebeck.de\/index.php\/wp-json\/wp\/v2\/media?parent=35357"}],"wp:term":[{"taxonomy":"category","embeddable":true,"href":"https:\/\/hier-luebeck.de\/index.php\/wp-json\/wp\/v2\/categories?post=35357"},{"taxonomy":"post_tag","embeddable":true,"href":"https:\/\/hier-luebeck.de\/index.php\/wp-json\/wp\/v2\/tags?post=35357"}],"curies":[{"name":"wp","href":"https:\/\/api.w.org\/{rel}","templated":true}]}}