{"id":35706,"date":"2011-06-15T14:28:13","date_gmt":"2011-06-15T12:28:13","guid":{"rendered":"http:\/\/www.hier-luebeck.de\/?p=35706"},"modified":"2011-06-15T14:28:13","modified_gmt":"2011-06-15T12:28:13","slug":"kieler-woche-2011-internationale-schiffe-und-marinesoldaten-zu-gast-im-marinestutzpunkt","status":"publish","type":"post","link":"https:\/\/hier-luebeck.de\/index.php\/kieler-woche-2011-internationale-schiffe-und-marinesoldaten-zu-gast-im-marinestutzpunkt\/","title":{"rendered":"&#8222;Kieler Woche 2011&#8220;: Internationale Schiffe und Marinesoldaten zu Gast im Marinest\u00fctzpunkt"},"content":{"rendered":"<p><a rel=\"attachment wp-att-35707\" href=\"http:\/\/www.hier-luebeck.de\/2011\/06\/kieler-woche-2011-internationale-schiffe-und-marinesoldaten-zu-gast-im-marinestutzpunkt\/kielerwoche2010026\/\"><img loading=\"lazy\" decoding=\"async\" class=\"alignleft size-medium wp-image-35707\" title=\"kielerwoche2010026\" src=\"http:\/\/www.hier-luebeck.de\/wp-content\/uploads\/2011\/06\/kielerwoche2010026-320x213.jpg\" alt=\"\" width=\"320\" height=\"213\" srcset=\"https:\/\/hier-luebeck.de\/wp-content\/uploads\/2011\/06\/kielerwoche2010026-320x213.jpg 320w, https:\/\/hier-luebeck.de\/wp-content\/uploads\/2011\/06\/kielerwoche2010026-426x283.jpg 426w, https:\/\/hier-luebeck.de\/wp-content\/uploads\/2011\/06\/kielerwoche2010026.jpg 500w\" sizes=\"auto, (max-width: 320px) 100vw, 320px\" \/><\/a>Kiel &#8211; Zur &#8222;Kieler Woche&#8220; erwartet die Deutsche Marine in diesem Jahr 20 Schiffe aus elf L\u00e4ndern. Die Marineeinheiten laufen am Freitag, den 17. Juni, ab 7.30 Uhr in den Marinest\u00fctzpunkt Kiel ein. Erneut besucht das schwimmende Kommandozentrum der 6. U.S. Flotte, die &#8222;USS Mount Whitney&#8220;, das gro\u00dfe Marinetreffen &#8211; dieses Mal in Begleitung des Kreuzers der Ticonderoga-Klasse &#8222;USS Phillipine Sea&#8220;.<!--more--> Mit dem modernen F\u00fchrungsschiff &#8222;Absolon&#8220; kommt die d\u00e4nische Marine nach Kiel. Die Fregatte &#8222;Commandant l\u00b4Herminier&#8220; vertritt als Gasteinheit die franz\u00f6sische Marine, das russische Landungsschiff &#8222;Minsk&#8220; Russland. Flaggschiff der &#8222;Kieler Woche 2011&#8220; ist die deutsche Fregatte der Klasse 123 &#8222;Schleswig Holstein&#8220;.<\/p>\n<p>Ein gro\u00dfes Aufgebot an interessanten Einheiten pr\u00e4sentieren in diesem Jahr auch die L\u00e4nder Gro\u00dfbritannien, Irland, Litauen, Lettland und Polen. Von dort kommt das Unterseeboot &#8222;Kondor&#8220;. Aus den Niederlanden besuchen zwei gro\u00dfe Einheiten die &#8222;Kieler Woche&#8220;, n\u00e4mlich die Fregatte &#8222;De Ruyter&#8220; sowie der Versorger &#8222;Zuiderkruis&#8220;.<\/p>\n<p>Am Sonnabend, den 18. Juni und Sonntag, den 19. Juni, l\u00e4dt die Marine die \u00d6ffentlichkeit herzlich zur Besichtigung der Schiffe im Zeitraum von 13.30 Uhr bis 16.30 Uhr in den Marinest\u00fctzpunkt Kiel ein. W\u00e4hrend der Veranstaltung  &#8222;Open Ship&#8220; richtet das Presse- und Informationszentrum Marine &#8222;Kieler Woche 2011&#8220; an beiden Tagen ab 13 Uhr einen maritimen F\u00e4hr-Service ein, der Besucher vom F\u00e4hranleger &#8222;Bellevue&#8220; in den St\u00fctzpunkt und zur\u00fcck bef\u00f6rdert.  Einen weiteren<br \/>\nTag &#8222;Open Ship&#8220; bietet die Marine am Mittwoch, den 22. Juni zwischen 13.30 Uhr und 16.30 Uhr &#8211; ohne Shuttle &#8211; an.<\/p>\n","protected":false},"excerpt":{"rendered":"<p>Kiel &#8211; Zur &#8222;Kieler Woche&#8220; erwartet die Deutsche Marine in diesem Jahr 20 Schiffe aus elf L\u00e4ndern. Die Marineeinheiten laufen<\/p>\n","protected":false},"author":3,"featured_media":0,"comment_status":"open","ping_status":"open","sticky":false,"template":"","format":"standard","meta":{"colormag_page_container_layout":"default_layout","colormag_page_sidebar_layout":"default_layout","footnotes":""},"categories":[20],"tags":[],"class_list":["post-35706","post","type-post","status-publish","format-standard","hentry","category-besondere-neuigkeiten"],"_links":{"self":[{"href":"https:\/\/hier-luebeck.de\/index.php\/wp-json\/wp\/v2\/posts\/35706","targetHints":{"allow":["GET"]}}],"collection":[{"href":"https:\/\/hier-luebeck.de\/index.php\/wp-json\/wp\/v2\/posts"}],"about":[{"href":"https:\/\/hier-luebeck.de\/index.php\/wp-json\/wp\/v2\/types\/post"}],"author":[{"embeddable":true,"href":"https:\/\/hier-luebeck.de\/index.php\/wp-json\/wp\/v2\/users\/3"}],"replies":[{"embeddable":true,"href":"https:\/\/hier-luebeck.de\/index.php\/wp-json\/wp\/v2\/comments?post=35706"}],"version-history":[{"count":0,"href":"https:\/\/hier-luebeck.de\/index.php\/wp-json\/wp\/v2\/posts\/35706\/revisions"}],"wp:attachment":[{"href":"https:\/\/hier-luebeck.de\/index.php\/wp-json\/wp\/v2\/media?parent=35706"}],"wp:term":[{"taxonomy":"category","embeddable":true,"href":"https:\/\/hier-luebeck.de\/index.php\/wp-json\/wp\/v2\/categories?post=35706"},{"taxonomy":"post_tag","embeddable":true,"href":"https:\/\/hier-luebeck.de\/index.php\/wp-json\/wp\/v2\/tags?post=35706"}],"curies":[{"name":"wp","href":"https:\/\/api.w.org\/{rel}","templated":true}]}}