{"id":35715,"date":"2011-06-15T15:01:05","date_gmt":"2011-06-15T13:01:05","guid":{"rendered":"http:\/\/www.hier-luebeck.de\/?p=35715"},"modified":"2011-06-15T15:01:05","modified_gmt":"2011-06-15T13:01:05","slug":"alt-lubeck-die-hauptstadt-des-slawischen-konigreichs","status":"publish","type":"post","link":"https:\/\/hier-luebeck.de\/index.php\/alt-lubeck-die-hauptstadt-des-slawischen-konigreichs\/","title":{"rendered":"Alt-L\u00fcbeck: Die Hauptstadt des slawischen K\u00f6nigreichs"},"content":{"rendered":"<p>Vortrag am 16. Juni im Rahmen des \u201eArch\u00e4ologischen Sommers\u201c<\/p>\n<p>Unter dem Titel \u201eAlt L\u00fcbeck \u2013 die Hauptstadt eines slawischen K\u00f6nigreichs\u201c wird der L\u00fcbecker Arch\u00e4ologe M.A. Mieczys\u0142aw Grabowski am morgigen Donnerstag, 16. Juni 2011, \u00fcber die Geschichte und die Ausgrabungen in Alt L\u00fcbeck informieren.<!--more--> Anhand einer PowerPointPr\u00e4sentation erfahren die Besucher um 19 Uhr im Ausgrabungszelt in der Braunstra\u00dfe\/Fischstra\u00dfe die geschichtlichen Details. Der Eintritt betr\u00e4gt f\u00fcr Erwachsene vier, f\u00fcr Jugendliche bis 16 Jahre zwei Euro.<\/p>\n","protected":false},"excerpt":{"rendered":"<p>Vortrag am 16. Juni im Rahmen des \u201eArch\u00e4ologischen Sommers\u201c Unter dem Titel \u201eAlt L\u00fcbeck \u2013 die Hauptstadt eines slawischen K\u00f6nigreichs\u201c<\/p>\n","protected":false},"author":3,"featured_media":0,"comment_status":"open","ping_status":"open","sticky":false,"template":"","format":"standard","meta":{"colormag_page_container_layout":"default_layout","colormag_page_sidebar_layout":"default_layout","footnotes":""},"categories":[13],"tags":[],"class_list":["post-35715","post","type-post","status-publish","format-standard","hentry","category-veranstaltungen"],"_links":{"self":[{"href":"https:\/\/hier-luebeck.de\/index.php\/wp-json\/wp\/v2\/posts\/35715","targetHints":{"allow":["GET"]}}],"collection":[{"href":"https:\/\/hier-luebeck.de\/index.php\/wp-json\/wp\/v2\/posts"}],"about":[{"href":"https:\/\/hier-luebeck.de\/index.php\/wp-json\/wp\/v2\/types\/post"}],"author":[{"embeddable":true,"href":"https:\/\/hier-luebeck.de\/index.php\/wp-json\/wp\/v2\/users\/3"}],"replies":[{"embeddable":true,"href":"https:\/\/hier-luebeck.de\/index.php\/wp-json\/wp\/v2\/comments?post=35715"}],"version-history":[{"count":0,"href":"https:\/\/hier-luebeck.de\/index.php\/wp-json\/wp\/v2\/posts\/35715\/revisions"}],"wp:attachment":[{"href":"https:\/\/hier-luebeck.de\/index.php\/wp-json\/wp\/v2\/media?parent=35715"}],"wp:term":[{"taxonomy":"category","embeddable":true,"href":"https:\/\/hier-luebeck.de\/index.php\/wp-json\/wp\/v2\/categories?post=35715"},{"taxonomy":"post_tag","embeddable":true,"href":"https:\/\/hier-luebeck.de\/index.php\/wp-json\/wp\/v2\/tags?post=35715"}],"curies":[{"name":"wp","href":"https:\/\/api.w.org\/{rel}","templated":true}]}}