{"id":35717,"date":"2011-06-15T15:30:34","date_gmt":"2011-06-15T13:30:34","guid":{"rendered":"http:\/\/www.hier-luebeck.de\/?p=35717"},"modified":"2011-06-15T15:30:34","modified_gmt":"2011-06-15T13:30:34","slug":"2745-millionen-euro-fur-ausbau-und-modernisierung-des-fraunhofer-instituts-isit-ministerprasident-fur-mehr-zusammenarbeit-von-wirtschaft-und-wissenschaft","status":"publish","type":"post","link":"https:\/\/hier-luebeck.de\/index.php\/2745-millionen-euro-fur-ausbau-und-modernisierung-des-fraunhofer-instituts-isit-ministerprasident-fur-mehr-zusammenarbeit-von-wirtschaft-und-wissenschaft\/","title":{"rendered":"27,45 Millionen Euro f\u00fcr Ausbau und Modernisierung des Fraunhofer-Instituts ISIT: Ministerpr\u00e4sident f\u00fcr mehr Zusammenarbeit von Wirtschaft und Wissenschaft"},"content":{"rendered":"<p>Der High-Tech-Standort Itzehoe wird weiter gest\u00e4rkt: F\u00fcr den Ausbau des Fraunhofer-Instituts f\u00fcr Siliziumtechnologie (ISIT) hat Ministerpr\u00e4sident Peter Harry Carstensen heute (15. Juni) einen F\u00f6rderbescheid in H\u00f6he von 27,45 Millionen Euro an ISIT-Chef Professor Wolfgang Benecke \u00fcbereicht. &#8222;&#8220;Das ist einer der gr\u00f6\u00dften Bewilligungsbescheide, die ich in meiner bisherigen Amtszeit \u00fcberbringen durfte. Doch die Entscheidung f\u00fcr die Summe ist uns leicht gefallen, denn wir investieren in wichtige Zukunftsaufgaben&#8220;&#8220;, sagte Carstensen in Itzehoe.<!--more--><\/p>\n<p>Das ISIT soll in den kommenden Jahren massiv ausgebaut und modernisiert werden. Geplant ist ein neuer Geb\u00e4udekomplex mit Reinraum-, Labor- und B\u00fcrofl\u00e4chen. &#8222;&#8220;Somit schaffen wir am Standort Itzehoe noch mehr M\u00f6glichkeiten f\u00fcr die Kooperationen mit der Industrie&#8220;&#8220;, sagte Carstensen. Das ISIT habe dank der seit 2009 gef\u00f6rderten Modernisierung international eine der fortschrittlichsten Einrichtungen f\u00fcr Forschung und Entwicklung. Es sei damit bestens aufgestellt f\u00fcr die weitere Zusammenarbeit mit Unternehmen und Institutionen auf dem Gebiet der Mikro- und Nanosystemtechnik. &#8222;&#8220;Wir wollen f\u00fcr die Menschen in Schleswig-Holstein die Voraussetzungen f\u00fcr mehr Wachstum und Lebensqualit\u00e4t schaffen. Daher setzen wir stark auf Innovation, auf Forschung und Entwicklung&#8220;&#8220;, so Carstensen.<\/p>\n<p>Der Ministerpr\u00e4sident warb f\u00fcr einen verst\u00e4rkten Wissenstransfer zwischen den Hochschulen und den Unternehmen in Schleswig-Holstein. &#8222;&#8220;Wir als Landesregierung wollen die Schwerpunkte so setzen, dass bei uns noch mehr herausragende wissenschaftliche Leistungen m\u00f6glich sind&#8220;&#8220;, sagte er. Das ISIT in Itzehoe sei in diesem Bereich sehr vorbildlich aufgestellt: Fraunhofer-Institut, Universit\u00e4ten, Fachhochschulen und Unternehmen w\u00fcrden erfolgreich zusammenarbeiten.<\/p>\n","protected":false},"excerpt":{"rendered":"<p>Der High-Tech-Standort Itzehoe wird weiter gest\u00e4rkt: F\u00fcr den Ausbau des Fraunhofer-Instituts f\u00fcr Siliziumtechnologie (ISIT) hat Ministerpr\u00e4sident Peter Harry Carstensen heute<\/p>\n","protected":false},"author":3,"featured_media":0,"comment_status":"open","ping_status":"open","sticky":false,"template":"","format":"standard","meta":{"colormag_page_container_layout":"default_layout","colormag_page_sidebar_layout":"default_layout","footnotes":""},"categories":[5],"tags":[],"class_list":["post-35717","post","type-post","status-publish","format-standard","hentry","category-politik-wirtschaft"],"_links":{"self":[{"href":"https:\/\/hier-luebeck.de\/index.php\/wp-json\/wp\/v2\/posts\/35717","targetHints":{"allow":["GET"]}}],"collection":[{"href":"https:\/\/hier-luebeck.de\/index.php\/wp-json\/wp\/v2\/posts"}],"about":[{"href":"https:\/\/hier-luebeck.de\/index.php\/wp-json\/wp\/v2\/types\/post"}],"author":[{"embeddable":true,"href":"https:\/\/hier-luebeck.de\/index.php\/wp-json\/wp\/v2\/users\/3"}],"replies":[{"embeddable":true,"href":"https:\/\/hier-luebeck.de\/index.php\/wp-json\/wp\/v2\/comments?post=35717"}],"version-history":[{"count":0,"href":"https:\/\/hier-luebeck.de\/index.php\/wp-json\/wp\/v2\/posts\/35717\/revisions"}],"wp:attachment":[{"href":"https:\/\/hier-luebeck.de\/index.php\/wp-json\/wp\/v2\/media?parent=35717"}],"wp:term":[{"taxonomy":"category","embeddable":true,"href":"https:\/\/hier-luebeck.de\/index.php\/wp-json\/wp\/v2\/categories?post=35717"},{"taxonomy":"post_tag","embeddable":true,"href":"https:\/\/hier-luebeck.de\/index.php\/wp-json\/wp\/v2\/tags?post=35717"}],"curies":[{"name":"wp","href":"https:\/\/api.w.org\/{rel}","templated":true}]}}