{"id":35839,"date":"2011-06-16T15:47:27","date_gmt":"2011-06-16T13:47:27","guid":{"rendered":"http:\/\/www.hier-luebeck.de\/?p=35839"},"modified":"2011-06-16T15:47:27","modified_gmt":"2011-06-16T13:47:27","slug":"bundesinnenminister-hebt-dienstposten-bei-der-bundespolizei-an","status":"publish","type":"post","link":"https:\/\/hier-luebeck.de\/index.php\/bundesinnenminister-hebt-dienstposten-bei-der-bundespolizei-an\/","title":{"rendered":"Bundesinnenminister hebt Dienstposten bei der Bundespolizei an"},"content":{"rendered":"<p>Der Bundesminister des Innern hat heute entschieden, die Dienstposten der stellvertretenden Hundertschaftsf\u00fchrer, verschiedener Einheitsf\u00fchrer und der Gruppenleiter in der Bundespolizei in ihrer Bewertung anzuheben und dem Bewertungsgef\u00fcge in den Polizeien vieler Bundesl\u00e4nder anzupassen. Betroffen sind knapp 200 Dienstposten bundesweit. Mit der Anhebung wird nun die M\u00f6glichkeit er\u00f6ffnet, F\u00fchrungskr\u00e4fte auf dieser Ebene bei guter Leistung und vorhandenen Planstellen weiter zu f\u00f6rdern.<!--more--><\/p>\n<p>&#8222;Damit wird ein Beitrag geleistet, die Attraktivit\u00e4t der Bundespolizei als Arbeitgeber dauerhaft zu erhalten&#8220;, erkl\u00e4rte Bundesminister Dr. Hans-Peter Friedrich. &#8222;Denn die Besch\u00e4ftigten stehen f\u00fcr mich im Mittelpunkt. Sie halten t\u00e4glich ihren Kopf f\u00fcr die innere Sicherheit hin.&#8220; Auch in Zeiten knapper Kassen solle man versuchen, alle M\u00f6glichkeiten im Sinne der Besch\u00e4ftigten auszusch\u00f6pfen.<\/p>\n<p>\u00dcber weitere Anpassungen des Bewertungsgef\u00fcges wird eine Arbeitsgruppe im Bundespolizeipr\u00e4sidium unter Beteiligung der Gewerkschaften beraten und dem Bundesministerium des Innern entsprechende Empfehlungen vorlegen.<\/p>\n","protected":false},"excerpt":{"rendered":"<p>Der Bundesminister des Innern hat heute entschieden, die Dienstposten der stellvertretenden Hundertschaftsf\u00fchrer, verschiedener Einheitsf\u00fchrer und der Gruppenleiter in der Bundespolizei<\/p>\n","protected":false},"author":3,"featured_media":0,"comment_status":"open","ping_status":"open","sticky":false,"template":"","format":"standard","meta":{"colormag_page_container_layout":"default_layout","colormag_page_sidebar_layout":"default_layout","footnotes":""},"categories":[5],"tags":[],"class_list":["post-35839","post","type-post","status-publish","format-standard","hentry","category-politik-wirtschaft"],"_links":{"self":[{"href":"https:\/\/hier-luebeck.de\/index.php\/wp-json\/wp\/v2\/posts\/35839","targetHints":{"allow":["GET"]}}],"collection":[{"href":"https:\/\/hier-luebeck.de\/index.php\/wp-json\/wp\/v2\/posts"}],"about":[{"href":"https:\/\/hier-luebeck.de\/index.php\/wp-json\/wp\/v2\/types\/post"}],"author":[{"embeddable":true,"href":"https:\/\/hier-luebeck.de\/index.php\/wp-json\/wp\/v2\/users\/3"}],"replies":[{"embeddable":true,"href":"https:\/\/hier-luebeck.de\/index.php\/wp-json\/wp\/v2\/comments?post=35839"}],"version-history":[{"count":0,"href":"https:\/\/hier-luebeck.de\/index.php\/wp-json\/wp\/v2\/posts\/35839\/revisions"}],"wp:attachment":[{"href":"https:\/\/hier-luebeck.de\/index.php\/wp-json\/wp\/v2\/media?parent=35839"}],"wp:term":[{"taxonomy":"category","embeddable":true,"href":"https:\/\/hier-luebeck.de\/index.php\/wp-json\/wp\/v2\/categories?post=35839"},{"taxonomy":"post_tag","embeddable":true,"href":"https:\/\/hier-luebeck.de\/index.php\/wp-json\/wp\/v2\/tags?post=35839"}],"curies":[{"name":"wp","href":"https:\/\/api.w.org\/{rel}","templated":true}]}}