{"id":35842,"date":"2011-06-17T09:00:18","date_gmt":"2011-06-17T07:00:18","guid":{"rendered":"http:\/\/www.hier-luebeck.de\/?p=35842"},"modified":"2011-06-16T15:52:17","modified_gmt":"2011-06-16T13:52:17","slug":"bundesinnenminister-dr-hans-peter-friedrich-eroffnet-das-nationale-cyber-abwehrzentrum","status":"publish","type":"post","link":"https:\/\/hier-luebeck.de\/index.php\/bundesinnenminister-dr-hans-peter-friedrich-eroffnet-das-nationale-cyber-abwehrzentrum\/","title":{"rendered":"Bundesinnenminister Dr. Hans-Peter Friedrich er\u00f6ffnet das Nationale Cyber-Abwehrzentrum"},"content":{"rendered":"<p>Berlin\/ Bonn, Bundesinnenminister Dr. Hans-Peter Friedrich hat heute in Bonn das Nationale Cyber-Abwehrzentrum offiziell er\u00f6ffnet. Gemeinsam mit den Pr\u00e4sidenten der beteiligten Beh\u00f6rden stellte er die Aufgaben des Cyber-Abwehrzentrums der Presse vor. Das Cyber-Abwehrzentrum wurde als gemeinsame Plattform zum schnellen Informationsaustausch und zur besseren Koordinierung von Schutz- und Abwehrma\u00dfnahmen gegen IT-Sicherheitsvorf\u00e4lle errichtet.<!--more--> Unter der Federf\u00fchrung des Bundesamtes f\u00fcr Sicherheit in der Informationstechnik (BSI) und direkter Beteiligung des Bundesamtes f\u00fcr Verfassungsschutz (BfV) und des Bundesamtes f\u00fcr Bev\u00f6lkerungsschutz und Katastrophenhilfe (BBK) hat das Cyber-Abwehrzentrum bereits am 1. April 2011 seine Arbeit aufgenommen. Die drei Beh\u00f6rden stellen gemeinsam die zehn festen Mitarbeiter des Cyber-Abwehrzentrums. Seit heute wirken auch das Bundeskriminalamt (BKA), die Bundespolizei (BPol), das Zollkriminalamt (ZKA), der Bundesnachrichtendienst (BND) sowie die Bundeswehr als assoziierte Beh\u00f6rden mit.<\/p>\n<p>&#8222;Im Kern der Cyber-Sicherheit steht der Schutz kritischer Infrastrukturen\u201c, betont Bundesinnenminister Dr. Friedrich. Kritische Infrastrukturen sind Organisationen und Einrichtungen mit wichtiger Bedeutung f\u00fcr das Gemeinwesen, bei deren Ausfall oder Beeintr\u00e4chtigung nachhaltig wirkende Versorgungsengp\u00e4sse, erhebliche St\u00f6rungen der \u00f6ffentlichen Sicherheit oder andere dramatische Folgen eintreten w\u00fcrden. \u201eDas Schadprogramm Stuxnet und als j\u00fcngstes Beispiel der Hackerangriff auf den franz\u00f6sischen Atomkonzern EDF (Electricit\u00e9 de France) haben gezeigt, dass auch die IT-Systeme kritischer Infrastrukturen im Fokus von Cyber-Angriffen stehen. Wir m\u00fcssen feststellen, dass die Gefahr von Angriffen auf diese Systeme zunimmt.&#8220;<\/p>\n<p>Das Cyber-Abwehrzentrum ist Bestandteil der vom Bundesministerium des Innern erarbeiteten Cyber-Sicherheitsstrategie f\u00fcr Deutschland, die von der Bundesregierung am 23. Februar 2011 beschlossen wurde. Das Cyber-Abwehrzentrum hat zur Aufgabe, IT-Sicherheitsvorf\u00e4lle schnell und umfassend zu bewerten und abgestimmte Handlungsempfehlungen zu erarbeiten. Dazu werden unter anderem Informationen \u00fcber Schwachstellen in IT-Produkten ausgetauscht sowie IT-Vorf\u00e4lle, Verwundbarkeiten und Angriffsformen analysiert. Alle beteiligten Beh\u00f6rden arbeiten dabei unter Beibehaltung ihrer bisherigen gesetzlichen Befugnisse.<\/p>\n<p>&#8222;Um Informationsinfrastrukturen erfolgreich vor Angriffen zu sch\u00fctzen, setzen wir auf Pr\u00e4vention, Reaktion und Fr\u00fchwarnung. Wir tun dies schon seit etlichen Jahren durch unterschiedliche Ma\u00dfnahmen und Initiativen f\u00fcr Bund, Wirtschaft und B\u00fcrger. Die Angriffe werden jedoch zunehmend komplexer und orientieren sich naturgem\u00e4\u00df nicht an der Zust\u00e4ndigkeit einzelner Beh\u00f6rden. Deshalb ist die Etablierung des Nationalen Cyber-Abwehrzentrums ein wichtiger Schritt, um die Cyber-Sicherheit in Deutschland voranzutreiben&#8220;, sagt Michael Hange, Pr\u00e4sident des BSI und Sprecher des Cyber-Abwehrzentrums.<\/p>\n","protected":false},"excerpt":{"rendered":"<p>Berlin\/ Bonn, Bundesinnenminister Dr. Hans-Peter Friedrich hat heute in Bonn das Nationale Cyber-Abwehrzentrum offiziell er\u00f6ffnet. Gemeinsam mit den Pr\u00e4sidenten der<\/p>\n","protected":false},"author":3,"featured_media":0,"comment_status":"open","ping_status":"open","sticky":false,"template":"","format":"standard","meta":{"colormag_page_container_layout":"default_layout","colormag_page_sidebar_layout":"default_layout","footnotes":""},"categories":[5],"tags":[],"class_list":["post-35842","post","type-post","status-publish","format-standard","hentry","category-politik-wirtschaft"],"_links":{"self":[{"href":"https:\/\/hier-luebeck.de\/index.php\/wp-json\/wp\/v2\/posts\/35842","targetHints":{"allow":["GET"]}}],"collection":[{"href":"https:\/\/hier-luebeck.de\/index.php\/wp-json\/wp\/v2\/posts"}],"about":[{"href":"https:\/\/hier-luebeck.de\/index.php\/wp-json\/wp\/v2\/types\/post"}],"author":[{"embeddable":true,"href":"https:\/\/hier-luebeck.de\/index.php\/wp-json\/wp\/v2\/users\/3"}],"replies":[{"embeddable":true,"href":"https:\/\/hier-luebeck.de\/index.php\/wp-json\/wp\/v2\/comments?post=35842"}],"version-history":[{"count":0,"href":"https:\/\/hier-luebeck.de\/index.php\/wp-json\/wp\/v2\/posts\/35842\/revisions"}],"wp:attachment":[{"href":"https:\/\/hier-luebeck.de\/index.php\/wp-json\/wp\/v2\/media?parent=35842"}],"wp:term":[{"taxonomy":"category","embeddable":true,"href":"https:\/\/hier-luebeck.de\/index.php\/wp-json\/wp\/v2\/categories?post=35842"},{"taxonomy":"post_tag","embeddable":true,"href":"https:\/\/hier-luebeck.de\/index.php\/wp-json\/wp\/v2\/tags?post=35842"}],"curies":[{"name":"wp","href":"https:\/\/api.w.org\/{rel}","templated":true}]}}