{"id":35846,"date":"2011-06-16T16:16:10","date_gmt":"2011-06-16T14:16:10","guid":{"rendered":"http:\/\/www.hier-luebeck.de\/?p=35846"},"modified":"2011-06-16T16:16:10","modified_gmt":"2011-06-16T14:16:10","slug":"funf-ausschusse-tagen-in-der-kommenden-woche-9","status":"publish","type":"post","link":"https:\/\/hier-luebeck.de\/index.php\/funf-ausschusse-tagen-in-der-kommenden-woche-9\/","title":{"rendered":"F\u00fcnf Aussch\u00fcsse tagen in der kommenden Woche"},"content":{"rendered":"<p>Berichte und Vorlagen zu st\u00e4dtischen Angelegenheiten werden \u00f6ffentlich beraten<\/p>\n<p>In der kommenden Woche treffen sich die Mitglieder des Bauausschusses, des Ausschusses f\u00fcr Kultur und Denkmalpflege, des Ausschusses f\u00fcr den Kurbetrieb Travem\u00fcnde, des Umweltausschusses und des Finanz- und Personalausschusses.<!--more--><\/p>\n<p>Am Montag, 20. Juni, tagen die Mitglieder des Bauausschusses um 16 Uhr im Foyer der Bauverwaltung, M\u00fchlendamm 12. In der Sitzung geht es unter anderem um die Gestaltung von Bushaltestellen und um einen Bericht zur Umgestaltung Holstenstra\u00dfe.<\/p>\n<p>Ebenfalls am Montag trifft sich der Ausschuss f\u00fcr Kultur und Denkmalpflege zu seiner Sitzung im Roten Saal des Rathauses, Breite Stra\u00dfe 62, um 15.30 Uhr. Thema ist unter anderem ein Bericht zur Stadtteilbibliothek Travem\u00fcnde.<\/p>\n<p>Am 21. Juni, Dienstag, um 16.30 Uhr trifft sich der Ausschuss f\u00fcr den Kurbetrieb Travem\u00fcnde im Strandhotel Maritim in Travem\u00fcnde. Auf der Tagesordnung steht unter anderem das Wegweiserkonzept f\u00fcr L\u00fcbeck-Travem\u00fcnde und das Wohnbaulandkonzept Travem\u00fcnde.<\/p>\n<p>Ebenfalls am 21. Juni trifft sich um 16 Uhr der Umweltausschuss im Gro\u00dfen Sitzungssaal im Verwaltungszentrum M\u00fchlentor, Haus Trave, Kronsforder Allee 2-6. Dort geht es unter anderem um das Stadtteilentwicklungskonzept Travem\u00fcnde und um den Brand von ukrainischen Sonderabf\u00e4llen auf dem Gel\u00e4nde des Entsorgungsunternehmens Remondis.<\/p>\n<p>Die Sitzung des Finanz- und Personalausschusses im Roten Saal des Rathauses, Breite Stra\u00dfe 62, ist am 22. Juni, Mittwoch, um 16.30 Uhr. In der Sitzung geht es unter anderem um einen Bericht betreffend \u00fcber- und au\u00dferplanm\u00e4\u00dfige Bewilligungen und Verpflichtungserm\u00e4chtigungen f\u00fcr das Haushaltsjahr 2010 \u2013 2. Halbjahr.<\/p>\n","protected":false},"excerpt":{"rendered":"<p>Berichte und Vorlagen zu st\u00e4dtischen Angelegenheiten werden \u00f6ffentlich beraten In der kommenden Woche treffen sich die Mitglieder des Bauausschusses, des<\/p>\n","protected":false},"author":3,"featured_media":0,"comment_status":"open","ping_status":"open","sticky":false,"template":"","format":"standard","meta":{"colormag_page_container_layout":"default_layout","colormag_page_sidebar_layout":"default_layout","footnotes":""},"categories":[14],"tags":[],"class_list":["post-35846","post","type-post","status-publish","format-standard","hentry","category-tipps-informationen"],"_links":{"self":[{"href":"https:\/\/hier-luebeck.de\/index.php\/wp-json\/wp\/v2\/posts\/35846","targetHints":{"allow":["GET"]}}],"collection":[{"href":"https:\/\/hier-luebeck.de\/index.php\/wp-json\/wp\/v2\/posts"}],"about":[{"href":"https:\/\/hier-luebeck.de\/index.php\/wp-json\/wp\/v2\/types\/post"}],"author":[{"embeddable":true,"href":"https:\/\/hier-luebeck.de\/index.php\/wp-json\/wp\/v2\/users\/3"}],"replies":[{"embeddable":true,"href":"https:\/\/hier-luebeck.de\/index.php\/wp-json\/wp\/v2\/comments?post=35846"}],"version-history":[{"count":0,"href":"https:\/\/hier-luebeck.de\/index.php\/wp-json\/wp\/v2\/posts\/35846\/revisions"}],"wp:attachment":[{"href":"https:\/\/hier-luebeck.de\/index.php\/wp-json\/wp\/v2\/media?parent=35846"}],"wp:term":[{"taxonomy":"category","embeddable":true,"href":"https:\/\/hier-luebeck.de\/index.php\/wp-json\/wp\/v2\/categories?post=35846"},{"taxonomy":"post_tag","embeddable":true,"href":"https:\/\/hier-luebeck.de\/index.php\/wp-json\/wp\/v2\/tags?post=35846"}],"curies":[{"name":"wp","href":"https:\/\/api.w.org\/{rel}","templated":true}]}}