{"id":35883,"date":"2011-06-17T08:41:11","date_gmt":"2011-06-17T06:41:11","guid":{"rendered":"http:\/\/www.hier-luebeck.de\/?p=35883"},"modified":"2011-06-17T08:41:11","modified_gmt":"2011-06-17T06:41:11","slug":"bfl-hafenwirtschaft-braucht-entwicklungspotentiale","status":"publish","type":"post","link":"https:\/\/hier-luebeck.de\/index.php\/bfl-hafenwirtschaft-braucht-entwicklungspotentiale\/","title":{"rendered":"BfL: Hafenwirtschaft braucht Entwicklungspotentiale"},"content":{"rendered":"<p>Der Hafen und zumal der Skandinavienkai sind f\u00fcr die L\u00fcbecker Wirtschaft von zentraler Bedeutung. Viele Logistikfirmen mit tausenden von Arbeitspl\u00e4tzen und in Folge hohen Steuereinnahmen h\u00e4ngen von den H\u00e4fen ab. Wenn nun absehbar ist, dass die Fl\u00e4chen in Travem\u00fcnde nicht mehr ausreichen, dann ist es zweifellos richtig und angebracht, \u00fcber die doch beschr\u00e4nkte Erweiterung in Richtung Dummersdorfer Ufer nach zu denken. Wo denn sonst?<!--more--><\/p>\n<p>Im Gegensatz zum Hafenumschlag besteht f\u00fcr den Naturschutz immerhin die M\u00f6glichkeit, qua Ausgleichsfl\u00e4chen bzw. \u2013ma\u00dfnahmen ad\u00e4quaten Ersatz zu schaffen. Das Bem\u00fchen der Umweltsch\u00fctzer sollte deshalb auch lieber auf fr\u00fchzeitige Identifizierung und Planung von solchen Ausgleichsma\u00dfnahmen gerichtet sein, die wohlm\u00f6glich sogar noch h\u00f6herwertigen Naturschutz erm\u00f6glichen, als er am Dummersdorfer Ufer nahe des Skandinavienkais gegeben ist.<\/p>\n<p>Im \u00dcbrigen gilt das Zur\u00fccktreten bzw. Verlagern von Interessen nicht nur f\u00fcr den Umweltschutz. Die BfL vertreten seit jeher die Position der Hafenwirtschaft, dass die M\u00f6glichkeit zur Zweischiffigkeit der Trave im M\u00fcndungsbereich erhalten bleiben muss. Auch das Waterfrontprojekt \u2013 obschon gew\u00fcnscht \u2013 mag deswegen wenige Meter Einschr\u00e4nkungen der unmittelbaren Wasserrandbebauung hinnehmen. Es bleibt dabei: Der Hafen muss sich alternativlos am Wasser erweitern k\u00f6nnen.<\/p>\n","protected":false},"excerpt":{"rendered":"<p>Der Hafen und zumal der Skandinavienkai sind f\u00fcr die L\u00fcbecker Wirtschaft von zentraler Bedeutung. Viele Logistikfirmen mit tausenden von Arbeitspl\u00e4tzen<\/p>\n","protected":false},"author":3,"featured_media":0,"comment_status":"open","ping_status":"open","sticky":false,"template":"","format":"standard","meta":{"colormag_page_container_layout":"default_layout","colormag_page_sidebar_layout":"default_layout","footnotes":""},"categories":[5],"tags":[],"class_list":["post-35883","post","type-post","status-publish","format-standard","hentry","category-politik-wirtschaft"],"_links":{"self":[{"href":"https:\/\/hier-luebeck.de\/index.php\/wp-json\/wp\/v2\/posts\/35883","targetHints":{"allow":["GET"]}}],"collection":[{"href":"https:\/\/hier-luebeck.de\/index.php\/wp-json\/wp\/v2\/posts"}],"about":[{"href":"https:\/\/hier-luebeck.de\/index.php\/wp-json\/wp\/v2\/types\/post"}],"author":[{"embeddable":true,"href":"https:\/\/hier-luebeck.de\/index.php\/wp-json\/wp\/v2\/users\/3"}],"replies":[{"embeddable":true,"href":"https:\/\/hier-luebeck.de\/index.php\/wp-json\/wp\/v2\/comments?post=35883"}],"version-history":[{"count":0,"href":"https:\/\/hier-luebeck.de\/index.php\/wp-json\/wp\/v2\/posts\/35883\/revisions"}],"wp:attachment":[{"href":"https:\/\/hier-luebeck.de\/index.php\/wp-json\/wp\/v2\/media?parent=35883"}],"wp:term":[{"taxonomy":"category","embeddable":true,"href":"https:\/\/hier-luebeck.de\/index.php\/wp-json\/wp\/v2\/categories?post=35883"},{"taxonomy":"post_tag","embeddable":true,"href":"https:\/\/hier-luebeck.de\/index.php\/wp-json\/wp\/v2\/tags?post=35883"}],"curies":[{"name":"wp","href":"https:\/\/api.w.org\/{rel}","templated":true}]}}