{"id":35886,"date":"2011-06-17T08:43:21","date_gmt":"2011-06-17T06:43:21","guid":{"rendered":"http:\/\/www.hier-luebeck.de\/?p=35886"},"modified":"2011-06-17T08:43:21","modified_gmt":"2011-06-17T06:43:21","slug":"mitnmang-der-lubecker-wirtschaft","status":"publish","type":"post","link":"https:\/\/hier-luebeck.de\/index.php\/mitnmang-der-lubecker-wirtschaft\/","title":{"rendered":"Mitnmang der L\u00fcbecker Wirtschaft"},"content":{"rendered":"<p>Jobcenter L\u00fcbeck informierte \u00e4ltere Arbeitnehmer \u00fcber berufliche Chancen<\/p>\n<p>Kann ich mit 56 Jahren noch eine Arbeit finden? Diese Frage stellte Heinz Cohn auf der Informationsveranstaltung zum Bundesprogramm \u201ePerspektive 50plus &#8211; Mitnmang\u201c (Mitnmang ist ein plattdeutscher Ausdruck f\u00fcr inmitten bzw. mittendrin) des Jobcenter L\u00fcbeck in der vergangenen Woche.<!--more--><\/p>\n<p>Grunds\u00e4tzlich werden Fragen wie die von Heinz Cohn von den Mitarbeitern im Team Perspektive 50plus mit ja beantwortet. Die Chancen auf eine erfolgreiche Vermittlung sind gut. Die L\u00fcbecker Wirtschaft interessiert sich zunehmend f\u00fcr \u00e4ltere Mitarbeiter. Die Zahlen k\u00f6nnen sich sehen lassen. Seit Anfang dieses Jahres konnten von insgesamt 636 intensiv betreuten \u00fcber 50j\u00e4hrigen 218 in ein sozialversicherungspflichtiges Arbeitsverh\u00e4ltnis vermittelt werden.<\/p>\n<p>Der geb\u00fcrtige Kolumbianer Cohn kann sich also berechtigte Hoffnungen machen. Er absolvierte ein Maschinenbaustudium in seinem Geburtsland. In vielen Berufsjahren spezialisierte er sich auf Reparatur, Wartung, Neubau sowie den Vertrieb von hydraulisch und pneumatisch gesteuerten Anlagen. Die fehlende staatliche Anerkennung seines Studienabschlusses machte er mit hohem Engagement wett. Selbstverst\u00e4ndlich verf\u00fcgt der verheiratete Ingenieur \u00fcber flie\u00dfende fachspezifische spanische Sprachkenntnisse. Seine Arbeitslosigkeit hielt ihn nie davon ab, sich k\u00f6rperlich und geistig fit zu halten. Er informiert sich st\u00e4ndig \u00fcber den neuesten Stand der Technik. Gerne w\u00fcrde Cohn als Repr\u00e4sentant f\u00fcr eine deutsche Firma im spanisch sprachigen Ausland arbeiten.<\/p>\n<p>\u201eDas 50plus-Team im Jobcenter wird jetzt und zuk\u00fcnftig alles tun, um engagierte \u00e4ltere Menschen wieder in Arbeit zu bringen\u201c, betonte der Gesch\u00e4ftsf\u00fchrer des Jobcenter L\u00fcbeck, Joachim Tag, bei seinen einf\u00fchrenden Worten. Die vielf\u00e4ltigen Informationen rund um die Themen Bewerbung, Vermittlung, regionaler Arbeitsmarkt sowie Fitness im Alter \u00fcberzeugten Heinz Cohn und die fast 300 Besucher. \u00dcber 160 Interessierte meldeten sich f\u00fcr weiterf\u00fchrende Gespr\u00e4che an.<\/p>\n<p>Speziell f\u00fcr diese Altersgruppe sind weitere Veranstaltungen vom Jobcenter L\u00fcbeck geplant.<\/p>\n","protected":false},"excerpt":{"rendered":"<p>Jobcenter L\u00fcbeck informierte \u00e4ltere Arbeitnehmer \u00fcber berufliche Chancen Kann ich mit 56 Jahren noch eine Arbeit finden? Diese Frage stellte<\/p>\n","protected":false},"author":3,"featured_media":0,"comment_status":"open","ping_status":"open","sticky":false,"template":"","format":"standard","meta":{"colormag_page_container_layout":"default_layout","colormag_page_sidebar_layout":"default_layout","footnotes":""},"categories":[5],"tags":[],"class_list":["post-35886","post","type-post","status-publish","format-standard","hentry","category-politik-wirtschaft"],"_links":{"self":[{"href":"https:\/\/hier-luebeck.de\/index.php\/wp-json\/wp\/v2\/posts\/35886","targetHints":{"allow":["GET"]}}],"collection":[{"href":"https:\/\/hier-luebeck.de\/index.php\/wp-json\/wp\/v2\/posts"}],"about":[{"href":"https:\/\/hier-luebeck.de\/index.php\/wp-json\/wp\/v2\/types\/post"}],"author":[{"embeddable":true,"href":"https:\/\/hier-luebeck.de\/index.php\/wp-json\/wp\/v2\/users\/3"}],"replies":[{"embeddable":true,"href":"https:\/\/hier-luebeck.de\/index.php\/wp-json\/wp\/v2\/comments?post=35886"}],"version-history":[{"count":0,"href":"https:\/\/hier-luebeck.de\/index.php\/wp-json\/wp\/v2\/posts\/35886\/revisions"}],"wp:attachment":[{"href":"https:\/\/hier-luebeck.de\/index.php\/wp-json\/wp\/v2\/media?parent=35886"}],"wp:term":[{"taxonomy":"category","embeddable":true,"href":"https:\/\/hier-luebeck.de\/index.php\/wp-json\/wp\/v2\/categories?post=35886"},{"taxonomy":"post_tag","embeddable":true,"href":"https:\/\/hier-luebeck.de\/index.php\/wp-json\/wp\/v2\/tags?post=35886"}],"curies":[{"name":"wp","href":"https:\/\/api.w.org\/{rel}","templated":true}]}}