{"id":35888,"date":"2011-06-17T08:44:41","date_gmt":"2011-06-17T06:44:41","guid":{"rendered":"http:\/\/www.hier-luebeck.de\/?p=35888"},"modified":"2011-06-17T08:44:41","modified_gmt":"2011-06-17T06:44:41","slug":"mehrwertsteuer-spd-beantragt-rucknahme-des-reduzierten-mehrwertsteuersatzes-auf-beherbergungsleistungen","status":"publish","type":"post","link":"https:\/\/hier-luebeck.de\/index.php\/mehrwertsteuer-spd-beantragt-rucknahme-des-reduzierten-mehrwertsteuersatzes-auf-beherbergungsleistungen\/","title":{"rendered":"Mehrwertsteuer &#8211; SPD beantragt R\u00fccknahme des reduzierten Mehrwertsteuersatzes auf Beherbergungsleistungen"},"content":{"rendered":"<p>Mit einem \u00c4nderungsantrag zum Entwurf eines Steuervereinfachungsgesetz 2011 hat die SPD-Fraktion des Deutschen Bundestags am 6. Juni die R\u00fccknahme des reduzierten Mehrwertsteuersatzes auf Beherbergungsleistungen beantragt. Im Wortlaut hei\u00dft es in der Begr\u00fcndung des Antrags: <!--more--><\/p>\n<p>\u201eAls Beitrag zur Steuervereinfachung und zur Konsolidierung der \u00f6ffentlichen Haushalte wird die im Jahr 2010 eingef\u00fchrte Umsatzsteuerbeg\u00fcnstigung f\u00fcr Beherbergungsleistungen wieder gestrichen. Ein Teil der durch die Streichung entstehenden Steuermehreinnahmen dient als Gegenfinanzierung f\u00fcr die Erh\u00f6hung und Ausweitung der Abgeltungswirkung des Behinderten-Pauschbetrags.\u201c<\/p>\n<p>Allerdings hat der Bundestag das Steuervereinfachungsgesetz ohne diesen \u00c4nderungsantrag am 9. Juni verabschiedet. Da dieses Gesetz zustimmungspflichtig ist, wird es nun jedoch Gegenstand der Beratungen im Bundesrat sein. \u00dcber die weiteren Entwicklungen werden wir Sie in DEHOGA compact auf dem Laufenden halten.<\/p>\n","protected":false},"excerpt":{"rendered":"<p>Mit einem \u00c4nderungsantrag zum Entwurf eines Steuervereinfachungsgesetz 2011 hat die SPD-Fraktion des Deutschen Bundestags am 6. Juni die R\u00fccknahme des<\/p>\n","protected":false},"author":3,"featured_media":0,"comment_status":"open","ping_status":"open","sticky":false,"template":"","format":"standard","meta":{"colormag_page_container_layout":"default_layout","colormag_page_sidebar_layout":"default_layout","footnotes":""},"categories":[5],"tags":[],"class_list":["post-35888","post","type-post","status-publish","format-standard","hentry","category-politik-wirtschaft"],"_links":{"self":[{"href":"https:\/\/hier-luebeck.de\/index.php\/wp-json\/wp\/v2\/posts\/35888","targetHints":{"allow":["GET"]}}],"collection":[{"href":"https:\/\/hier-luebeck.de\/index.php\/wp-json\/wp\/v2\/posts"}],"about":[{"href":"https:\/\/hier-luebeck.de\/index.php\/wp-json\/wp\/v2\/types\/post"}],"author":[{"embeddable":true,"href":"https:\/\/hier-luebeck.de\/index.php\/wp-json\/wp\/v2\/users\/3"}],"replies":[{"embeddable":true,"href":"https:\/\/hier-luebeck.de\/index.php\/wp-json\/wp\/v2\/comments?post=35888"}],"version-history":[{"count":0,"href":"https:\/\/hier-luebeck.de\/index.php\/wp-json\/wp\/v2\/posts\/35888\/revisions"}],"wp:attachment":[{"href":"https:\/\/hier-luebeck.de\/index.php\/wp-json\/wp\/v2\/media?parent=35888"}],"wp:term":[{"taxonomy":"category","embeddable":true,"href":"https:\/\/hier-luebeck.de\/index.php\/wp-json\/wp\/v2\/categories?post=35888"},{"taxonomy":"post_tag","embeddable":true,"href":"https:\/\/hier-luebeck.de\/index.php\/wp-json\/wp\/v2\/tags?post=35888"}],"curies":[{"name":"wp","href":"https:\/\/api.w.org\/{rel}","templated":true}]}}