{"id":35890,"date":"2011-06-17T09:10:20","date_gmt":"2011-06-17T07:10:20","guid":{"rendered":"http:\/\/www.hier-luebeck.de\/?p=35890"},"modified":"2011-06-17T09:10:20","modified_gmt":"2011-06-17T07:10:20","slug":"abendfuhrung-im-buddenbroookhaus-mit-museumsleiter-holger-pils","status":"publish","type":"post","link":"https:\/\/hier-luebeck.de\/index.php\/abendfuhrung-im-buddenbroookhaus-mit-museumsleiter-holger-pils\/","title":{"rendered":"Abendf\u00fchrung im Buddenbroookhaus mit Museumsleiter Holger Pils"},"content":{"rendered":"<p><a rel=\"attachment wp-att-10750\" href=\"http:\/\/www.hier-luebeck.de\/2010\/02\/%e2%80%9egesellschaftsabend%e2%80%9c-im-buddenbrookhaus\/buddenbrookhaus-4\/\"><img loading=\"lazy\" decoding=\"async\" class=\"alignleft size-full wp-image-10750\" title=\"Buddenbrookhaus\" src=\"http:\/\/www.hier-luebeck.de\/wp-content\/uploads\/2010\/02\/Buddenbrookhaus.jpg\" alt=\"\" width=\"194\" height=\"220\" \/><\/a>Freitag, 24. Juni 2011, 18 Uhr<br \/>\nBuddenbrookhaus, L\u00fcbeck<\/p>\n<p>Abends ins Museum: Am Freitag, 24. Juni, \u00f6ffnet das ber\u00fchmte L\u00fcbecker Buddenbrookhaus seine T\u00fcren zu abendlicher Stunde. Ab 18 Uhr f\u00fchrt Museumsleiter Holger Pils pers\u00f6nlich durch die neue Sonderausstellung \u201eLiebe ohne Glauben.<!--more--> Thomas Mann und Richard Wagner\u201c.  Die Ausstellung thematisiert die lebenslange Faszination des Schriftstellers f\u00fcr den Komponisten und zeigt  diverse Originalexponate aus dem Richard-Wagner-Museum\/Haus Wahnfried in Bayreuth. Die Teilnahme an der F\u00fchrung kostet 8 Euro \/5,50 Euro, incl. Museumseintritt. Eine Anmeldung ist nicht erforderlich.<\/p>\n","protected":false},"excerpt":{"rendered":"<p>Freitag, 24. Juni 2011, 18 Uhr Buddenbrookhaus, L\u00fcbeck Abends ins Museum: Am Freitag, 24. Juni, \u00f6ffnet das ber\u00fchmte L\u00fcbecker Buddenbrookhaus<\/p>\n","protected":false},"author":3,"featured_media":0,"comment_status":"open","ping_status":"open","sticky":false,"template":"","format":"standard","meta":{"colormag_page_container_layout":"default_layout","colormag_page_sidebar_layout":"default_layout","footnotes":""},"categories":[13],"tags":[],"class_list":["post-35890","post","type-post","status-publish","format-standard","hentry","category-veranstaltungen"],"_links":{"self":[{"href":"https:\/\/hier-luebeck.de\/index.php\/wp-json\/wp\/v2\/posts\/35890","targetHints":{"allow":["GET"]}}],"collection":[{"href":"https:\/\/hier-luebeck.de\/index.php\/wp-json\/wp\/v2\/posts"}],"about":[{"href":"https:\/\/hier-luebeck.de\/index.php\/wp-json\/wp\/v2\/types\/post"}],"author":[{"embeddable":true,"href":"https:\/\/hier-luebeck.de\/index.php\/wp-json\/wp\/v2\/users\/3"}],"replies":[{"embeddable":true,"href":"https:\/\/hier-luebeck.de\/index.php\/wp-json\/wp\/v2\/comments?post=35890"}],"version-history":[{"count":0,"href":"https:\/\/hier-luebeck.de\/index.php\/wp-json\/wp\/v2\/posts\/35890\/revisions"}],"wp:attachment":[{"href":"https:\/\/hier-luebeck.de\/index.php\/wp-json\/wp\/v2\/media?parent=35890"}],"wp:term":[{"taxonomy":"category","embeddable":true,"href":"https:\/\/hier-luebeck.de\/index.php\/wp-json\/wp\/v2\/categories?post=35890"},{"taxonomy":"post_tag","embeddable":true,"href":"https:\/\/hier-luebeck.de\/index.php\/wp-json\/wp\/v2\/tags?post=35890"}],"curies":[{"name":"wp","href":"https:\/\/api.w.org\/{rel}","templated":true}]}}