{"id":36711,"date":"2011-06-29T08:12:02","date_gmt":"2011-06-29T06:12:02","guid":{"rendered":"http:\/\/www.hier-luebeck.de\/?p=36711"},"modified":"2011-06-30T08:19:51","modified_gmt":"2011-06-30T06:19:51","slug":"in-lubeck-wurde-am-holstentor-fur-ein-musikalisches-reisequiz-mit-kathrin-peter-gedreht","status":"publish","type":"post","link":"https:\/\/hier-luebeck.de\/index.php\/in-lubeck-wurde-am-holstentor-fur-ein-musikalisches-reisequiz-mit-kathrin-peter-gedreht\/","title":{"rendered":"In L\u00fcbeck wurde am Holstentor f\u00fcr &#8222;Ein musikalisches Reisequiz mit Kathrin &#038; Peter&#8220; gedreht"},"content":{"rendered":"<p><a href=\"http:\/\/www.hier-luebeck.de\/wp-content\/uploads\/2011\/06\/mdr-L\u00fcbeck-038.jpg\"><img loading=\"lazy\" decoding=\"async\" class=\"alignleft size-large wp-image-36714\" title=\"mdr L\u00fcbeck 038\" src=\"http:\/\/www.hier-luebeck.de\/wp-content\/uploads\/2011\/06\/mdr-L\u00fcbeck-038-426x319.jpg\" alt=\"\" width=\"426\" height=\"319\" srcset=\"https:\/\/hier-luebeck.de\/wp-content\/uploads\/2011\/06\/mdr-L\u00fcbeck-038-426x319.jpg 426w, https:\/\/hier-luebeck.de\/wp-content\/uploads\/2011\/06\/mdr-L\u00fcbeck-038-320x240.jpg 320w, https:\/\/hier-luebeck.de\/wp-content\/uploads\/2011\/06\/mdr-L\u00fcbeck-038.jpg 500w\" sizes=\"auto, (max-width: 426px) 100vw, 426px\" \/><\/a><\/p>\n<div>Ein musikalisches Reisequiz mit Kathrin &amp; Peter<\/div>\n<hr \/>\n<p>Fotos: TBF\/Holger Kr\u00f6ger<\/p>\n<hr \/>\n<p>Weitere Informationen<\/p>\n<div>29.07.2011 20:15<br \/>\nMDR<br \/>\nVon L\u00fcbeck bis Ahlbeck\u00a0<!--more-->Kathrin  &amp; Peter gehen auf Entdeckungstour auf einem der beliebtesten  deutschen Radfernwege, den Ostseek\u00fcsten-Radweg. Sie radeln dabei durch  St\u00e4dte des Weltkulturerbes wie L\u00fcbeck und Wismar, aber auch durch die  sch\u00f6nsten Ostseeb\u00e4der wie K\u00fchlungsborn, Warnem\u00fcnde und schlie\u00dflich  Ahlbeck. Vor allem aber lernen die beiden gemeinsam mit ihren Zuschauern  die zauberhafte Ostseek\u00fcste zwischen Schleswig-Holstein und Polen per  Fahrrad kennen und laden die Fernsehzuschauer wieder zu einem Reisequiz  ein, bei dem es eine Kreuzfahrt-Traumreise zu gewinnen gibt.<\/div>\n","protected":false},"excerpt":{"rendered":"<p>Ein musikalisches Reisequiz mit Kathrin &amp; Peter Fotos: TBF\/Holger Kr\u00f6ger Weitere Informationen 29.07.2011 20:15 MDR Von L\u00fcbeck bis Ahlbeck\u00a0<\/p>\n","protected":false},"author":3,"featured_media":0,"comment_status":"open","ping_status":"open","sticky":false,"template":"","format":"standard","meta":{"colormag_page_container_layout":"default_layout","colormag_page_sidebar_layout":"default_layout","footnotes":""},"categories":[14,13],"tags":[],"class_list":["post-36711","post","type-post","status-publish","format-standard","hentry","category-tipps-informationen","category-veranstaltungen"],"_links":{"self":[{"href":"https:\/\/hier-luebeck.de\/index.php\/wp-json\/wp\/v2\/posts\/36711","targetHints":{"allow":["GET"]}}],"collection":[{"href":"https:\/\/hier-luebeck.de\/index.php\/wp-json\/wp\/v2\/posts"}],"about":[{"href":"https:\/\/hier-luebeck.de\/index.php\/wp-json\/wp\/v2\/types\/post"}],"author":[{"embeddable":true,"href":"https:\/\/hier-luebeck.de\/index.php\/wp-json\/wp\/v2\/users\/3"}],"replies":[{"embeddable":true,"href":"https:\/\/hier-luebeck.de\/index.php\/wp-json\/wp\/v2\/comments?post=36711"}],"version-history":[{"count":0,"href":"https:\/\/hier-luebeck.de\/index.php\/wp-json\/wp\/v2\/posts\/36711\/revisions"}],"wp:attachment":[{"href":"https:\/\/hier-luebeck.de\/index.php\/wp-json\/wp\/v2\/media?parent=36711"}],"wp:term":[{"taxonomy":"category","embeddable":true,"href":"https:\/\/hier-luebeck.de\/index.php\/wp-json\/wp\/v2\/categories?post=36711"},{"taxonomy":"post_tag","embeddable":true,"href":"https:\/\/hier-luebeck.de\/index.php\/wp-json\/wp\/v2\/tags?post=36711"}],"curies":[{"name":"wp","href":"https:\/\/api.w.org\/{rel}","templated":true}]}}