{"id":37293,"date":"2011-07-07T11:27:11","date_gmt":"2011-07-07T09:27:11","guid":{"rendered":"http:\/\/www.hier-luebeck.de\/?p=37293"},"modified":"2011-07-07T11:27:11","modified_gmt":"2011-07-07T09:27:11","slug":"itzehoe-36-millionen-euro-fur-funf-baumasnahmen-volker-dornquast-kommunaler-investitionsfonds-unentbehrlicher-helfer-der-kommunen","status":"publish","type":"post","link":"https:\/\/hier-luebeck.de\/index.php\/itzehoe-36-millionen-euro-fur-funf-baumasnahmen-volker-dornquast-kommunaler-investitionsfonds-unentbehrlicher-helfer-der-kommunen\/","title":{"rendered":"Itzehoe: 3,6 Millionen Euro f\u00fcr f\u00fcnf Bauma\u00dfnahmen &#8211; Volker Dornquast: Kommunaler Investitionsfonds unentbehrlicher Helfer der Kommunen"},"content":{"rendered":"<p>3,6 Millionen Euro f\u00fcr f\u00fcnf verschiedene kommunale Bauma\u00dfnahmen: Mit dieser Zusage kam Innenstaatssekret\u00e4r Volker Dornquast am Donnerstag (7. Juli) nach Itzehoe (Kreis Steinburg). Er \u00fcbergab die entsprechenden Zuwendungsbescheide an B\u00fcrgermeister Andreas Koeppen. Es handelt sich um zinsg\u00fcnstige Darlehen aus Mitteln des Kommunalen Investitionsfonds.<!--more--> Die Darlehen haben eine Laufzeit von 20 Jahren. Der Zinssatz betr\u00e4gt derzeit j\u00e4hrlich 1,75 Prozent. \u201e&#8220;Der Kommunale Investitionsfonds ist ein verl\u00e4sslicher und unentbehrlicher Helfer der Kommunen, um notwendige Investitionen in wichtige Einrichtungen der Infrastruktur zu unterst\u00fctzen&#8220;\u201c, sagte Dornquast.<\/p>\n<p>Mit 1,6 Millionen Euro unterst\u00fctzt der Kommunale Investitionsfonds den diesj\u00e4hrigen Bauabschnitt im Zuge des Neubaus der Gutenbergsporthalle.<br \/>\nAuf 1,125 Millionen Euro lautet die F\u00f6rdersumme f\u00fcr den Neubau eines naturwissenschaftlichen Traktes einschlie\u00dflich einer Mensa an der Auguste-Viktoria-Schule.<br \/>\nF\u00fcr die Erneuerung von Regen- und Schmutzwasserkan\u00e4len im Coriansberg-Ost, in der Feldschmiede und in der K\u00f6nigsberger Allee stehen 510.000 Euro zur Verf\u00fcgung.<br \/>\nRund 262.000 Euro kommen zum Einsatz, um den \u00e4ltesten Teil der Fu\u00dfg\u00e4ngerzone aus den siebziger Jahren attraktiver zu gestalten.<br \/>\nZur Finanzierung des kommunalen Eigenanteils an der Stadtsanierung im Zusammenhang mit dem 2006 begonnenen Stadtumbau West erh\u00e4lt Itzehoe ein Darlehen in H\u00f6he von 140.000 Euro.<\/p>\n","protected":false},"excerpt":{"rendered":"<p>3,6 Millionen Euro f\u00fcr f\u00fcnf verschiedene kommunale Bauma\u00dfnahmen: Mit dieser Zusage kam Innenstaatssekret\u00e4r Volker Dornquast am Donnerstag (7. Juli) nach<\/p>\n","protected":false},"author":3,"featured_media":0,"comment_status":"open","ping_status":"open","sticky":false,"template":"","format":"standard","meta":{"colormag_page_container_layout":"default_layout","colormag_page_sidebar_layout":"default_layout","footnotes":""},"categories":[5],"tags":[],"class_list":["post-37293","post","type-post","status-publish","format-standard","hentry","category-politik-wirtschaft"],"_links":{"self":[{"href":"https:\/\/hier-luebeck.de\/index.php\/wp-json\/wp\/v2\/posts\/37293","targetHints":{"allow":["GET"]}}],"collection":[{"href":"https:\/\/hier-luebeck.de\/index.php\/wp-json\/wp\/v2\/posts"}],"about":[{"href":"https:\/\/hier-luebeck.de\/index.php\/wp-json\/wp\/v2\/types\/post"}],"author":[{"embeddable":true,"href":"https:\/\/hier-luebeck.de\/index.php\/wp-json\/wp\/v2\/users\/3"}],"replies":[{"embeddable":true,"href":"https:\/\/hier-luebeck.de\/index.php\/wp-json\/wp\/v2\/comments?post=37293"}],"version-history":[{"count":0,"href":"https:\/\/hier-luebeck.de\/index.php\/wp-json\/wp\/v2\/posts\/37293\/revisions"}],"wp:attachment":[{"href":"https:\/\/hier-luebeck.de\/index.php\/wp-json\/wp\/v2\/media?parent=37293"}],"wp:term":[{"taxonomy":"category","embeddable":true,"href":"https:\/\/hier-luebeck.de\/index.php\/wp-json\/wp\/v2\/categories?post=37293"},{"taxonomy":"post_tag","embeddable":true,"href":"https:\/\/hier-luebeck.de\/index.php\/wp-json\/wp\/v2\/tags?post=37293"}],"curies":[{"name":"wp","href":"https:\/\/api.w.org\/{rel}","templated":true}]}}