{"id":37324,"date":"2011-07-07T22:48:50","date_gmt":"2011-07-07T20:48:50","guid":{"rendered":"http:\/\/www.hier-luebeck.de\/?p=37324"},"modified":"2011-07-08T07:17:57","modified_gmt":"2011-07-08T05:17:57","slug":"neuer-vorstand-beim-lubeck-management-e-v","status":"publish","type":"post","link":"https:\/\/hier-luebeck.de\/index.php\/neuer-vorstand-beim-lubeck-management-e-v\/","title":{"rendered":"Neuer Vorstand beim L\u00fcbeck-Management e.V."},"content":{"rendered":"<p><a href=\"http:\/\/www.hier-luebeck.de\/wp-content\/uploads\/2011\/07\/LM_Kempke_2_gro\u00df.jpg\"><img loading=\"lazy\" decoding=\"async\" class=\"alignleft size-medium wp-image-37371\" title=\"LM_Kempke_2_gro\u00df\" src=\"http:\/\/www.hier-luebeck.de\/wp-content\/uploads\/2011\/07\/LM_Kempke_2_gro\u00df-219x320.jpg\" alt=\"\" width=\"219\" height=\"320\" srcset=\"https:\/\/hier-luebeck.de\/wp-content\/uploads\/2011\/07\/LM_Kempke_2_gro\u00df-219x320.jpg 219w, https:\/\/hier-luebeck.de\/wp-content\/uploads\/2011\/07\/LM_Kempke_2_gro\u00df-233x340.jpg 233w, https:\/\/hier-luebeck.de\/wp-content\/uploads\/2011\/07\/LM_Kempke_2_gro\u00df.jpg 343w\" sizes=\"auto, (max-width: 219px) 100vw, 219px\" \/><\/a>Anl\u00e4sslich der Jahreshauptversammlung des Vereins w\u00e4hlte die Mitgliederversammlung Olivia Kempke (53) zur neuen Vorstandsvorsitzenden, die damit den aus beruflichen Gr\u00fcnden ausscheidenden Dr. Bert\u00a0 Janfeld abl\u00f6st. Nach einstimmigem Wahlergebnis f\u00fchrt Kempke das L\u00fcbeck Management ab sofort auch als hauptamtliche Gesch\u00e4ftsf\u00fchrerin.\u00a0 <!--more-->Jacobus Faure (C&amp;A) und Andreas Joslyn (Karstadt) stehen Kempke als stellvertretende Vorsitzende zur Seite. Komplettiert wird der Vorstand durch die Beisitzer Gerald Gorny (Haerder Center), J\u00f6rn Hafferberg (K\u00f6nigpassage), Hellmut Kroschel (Optiker Kroschel), J\u00f6rg J\u00e4ger (Pressezentrum), Carolin K\u00f6nig (Peek&amp;Cloppenburg), Rainer Kress (Scandic-Hotel), Kirsten Mau (FloraNova) und Frank Wohlfahrt (Sparkasse zu L\u00fcbeck).<\/p>\n<p>Mit Kempke will das L\u00fcbeck Management Flagge zeigen, einen angeregten Dialog mit den rund 100 Mitgliedern f\u00fchren und neue Mitglieder hinzu gewinnen. Ihr erster Arbeitstag am 01. Juli 2011 startete gleich mit der Aktion \u201eMidnight Shopping\u201c.\u00a0 Eine gute Gelegenheit, sich das Treiben in der Stadt anzusehen. Ihr Blick wird in viele Richtungen gehen, ganz sicher auch \u00fcber die Grenzen der Altstadtinsel hinaus. In ihrem Kopf steckt vieles, das sie umsetzen will. \u201eAber nicht alles auf einmal\u201c,<br \/>\nsagt\u00a0 Kempke. \u201e\u00dcbertriebener Aktionismus\u00a0 schadet nur. Zun\u00e4chst suche ich den Kontakt zu den Mitgliedern, dem Einzelhandel sowie deren Kunden, der Hansestadt L\u00fcbeck, allen voran der L\u00fcbeck Tourismus Marketing GmbH und weiteren Partnern. Ich w\u00fcnsche mir einen offenen, fairen Umgang miteinander und hoffe auf einen regen Ideenaustausch.\u201c<\/p>\n<p>In Kempke steckt die Lust, etwas zu bewegen und diesen Schwung nimmt das L\u00fcbeck Management nun wahr, um gut ger\u00fcstet in die Zukunft zu blicken.\u00a0 Zum Thema IKEA und dem weiteren Vorgehen gibt es enge Gespr\u00e4che mit den Umlandgemeinden. Kempke: \u201eWir bleiben am Ball, verfolgen die Entwicklung in dieser Sache und vertreten die Interessen unserer Mitglieder. \u201eWir wollen ger\u00fcstet sein, denn wir haben besonderes Potential! Da k\u00f6nnen weder die bestehenden Shopping-Center auf<br \/>\nder gr\u00fcnen Wiese noch das k\u00fcnftige Skandinaviencenter mithalten\u201c,\u00a0 so Andreas Joslyn, Gesch\u00e4ftsf\u00fchrer der Karstadt AG und Verantwortlicher f\u00fcr den Einzelhandel im L\u00fcbeck Management.<\/p>\n<p>Jacobus Faur\u00e9, Gesch\u00e4ftsf\u00fchrer C &amp; A und 1. stellv. Vorsitzender erg\u00e4nzt: \u201eMit Kempke haben wir eine sehr engagierte Person f\u00fcr das L\u00fcbeck Management gewonnen. Sie spr\u00fcht vor Elan und freut sich auf diese Aufgabe. Die besten Voraussetzungen f\u00fcr Gespr\u00e4che mit Partnern, unseren Mitgliedern und allen, mit denen die Verhandlungen in der Vergangenheit etwas zu kurz kamen oder auch mal etwas\u00a0 schwierig waren.\u201c<\/p>\n<p>Karstadt-Gesch\u00e4ftsf\u00fchrer Andreas Joslyn, als 2. stellv. Vorsitzender des L\u00fcbeck Management zust\u00e4ndig f\u00fcr den Bereich Einzelhandel, zeigte sich hocherfreut, mit Kempke eine ausgewiesene Marketingexpertin im Boot zu haben. \u201eMit ihr kommt frischer Wind ins L\u00fcbeck Management und das ist gut f\u00fcr L\u00fcbeck. Wir dr\u00fccken ihr die Daumen f\u00fcr Ihre k\u00fcnftige Arbeit und werden sie tatkr\u00e4ftig bei ihren Vorhaben unterst\u00fctzen.\u201c<\/p>\n","protected":false},"excerpt":{"rendered":"<p>Anl\u00e4sslich der Jahreshauptversammlung des Vereins w\u00e4hlte die Mitgliederversammlung Olivia Kempke (53) zur neuen Vorstandsvorsitzenden, die damit den aus beruflichen Gr\u00fcnden<\/p>\n","protected":false},"author":3,"featured_media":0,"comment_status":"open","ping_status":"open","sticky":false,"template":"","format":"standard","meta":{"colormag_page_container_layout":"default_layout","colormag_page_sidebar_layout":"default_layout","footnotes":""},"categories":[20],"tags":[],"class_list":["post-37324","post","type-post","status-publish","format-standard","hentry","category-besondere-neuigkeiten"],"_links":{"self":[{"href":"https:\/\/hier-luebeck.de\/index.php\/wp-json\/wp\/v2\/posts\/37324","targetHints":{"allow":["GET"]}}],"collection":[{"href":"https:\/\/hier-luebeck.de\/index.php\/wp-json\/wp\/v2\/posts"}],"about":[{"href":"https:\/\/hier-luebeck.de\/index.php\/wp-json\/wp\/v2\/types\/post"}],"author":[{"embeddable":true,"href":"https:\/\/hier-luebeck.de\/index.php\/wp-json\/wp\/v2\/users\/3"}],"replies":[{"embeddable":true,"href":"https:\/\/hier-luebeck.de\/index.php\/wp-json\/wp\/v2\/comments?post=37324"}],"version-history":[{"count":0,"href":"https:\/\/hier-luebeck.de\/index.php\/wp-json\/wp\/v2\/posts\/37324\/revisions"}],"wp:attachment":[{"href":"https:\/\/hier-luebeck.de\/index.php\/wp-json\/wp\/v2\/media?parent=37324"}],"wp:term":[{"taxonomy":"category","embeddable":true,"href":"https:\/\/hier-luebeck.de\/index.php\/wp-json\/wp\/v2\/categories?post=37324"},{"taxonomy":"post_tag","embeddable":true,"href":"https:\/\/hier-luebeck.de\/index.php\/wp-json\/wp\/v2\/tags?post=37324"}],"curies":[{"name":"wp","href":"https:\/\/api.w.org\/{rel}","templated":true}]}}