{"id":37726,"date":"2011-07-13T16:43:45","date_gmt":"2011-07-13T14:43:45","guid":{"rendered":"http:\/\/www.hier-luebeck.de\/?p=37726"},"modified":"2011-07-13T16:43:45","modified_gmt":"2011-07-13T14:43:45","slug":"antrittsbesuch-von-wirtschaftssenator-frank-horch-beim-kieler-wirtschaftsminister-jost-de-jager","status":"publish","type":"post","link":"https:\/\/hier-luebeck.de\/index.php\/antrittsbesuch-von-wirtschaftssenator-frank-horch-beim-kieler-wirtschaftsminister-jost-de-jager\/","title":{"rendered":"Antrittsbesuch von Wirtschaftssenator Frank Horch beim Kieler Wirtschaftsminister Jost de Jager"},"content":{"rendered":"<h1><img loading=\"lazy\" decoding=\"async\" class=\"alignleft\" title=\"Logo der S-Bahn Hamburg\" src=\"http:\/\/www.schleswig-holstein.de\/cae\/servlet\/contentblob\/1015582\/normal\/S_Bahn.jpg\" alt=\"Logo der S-Bahn Hamburg\" width=\"280\" height=\"210\" \/><\/h1>\n<div>\n<p>Hamburg und Kiel gemeinsam f\u00fcr S-Bahn bis Bad Oldesloe<\/p>\n<p>Husum bleibt pr\u00e4ferierter Standort der Windenergie-Messe<\/p>\n<\/div>\n<p>Schleswig-Holstein und Hamburg wollen gemeinsam den Bau einer  S-Bahn-Verbindung zwischen der Hansestadt und Bad Oldesloe (Kreis  Stormarn) vorantreiben erkl\u00e4rten Wirtschaftsminister Jost de Jager und  Hamburgs Wirtschaftssenator Frank Horch am 13. Juli in Kiel. Das  Vorhaben sei wichtig f\u00fcr beide L\u00e4nder. Am Freitag n\u00e4chster Woche soll es  in Bonn auf Arbeitsebene Gespr\u00e4che mit dem Bund \u00fcber die Finanzierung  des Ausbaus der S4 geben. Auf einen m\u00f6glichen Realisierungszeitpunkt  wollten de Jager und Horch sich nicht festlegen.<!--more--><\/p>\n<h2>S4 spielt herausragend wichtige Rolle<\/h2>\n<p><cite>\u00a9 MissyWegner<\/cite><\/p>\n<p>Rund 250 Millionen Euro werden f\u00fcr die Strecke ben\u00f6tigt, noch einmal  100 Millionen f\u00fcr die Z\u00fcge. W\u00e4hrend die Finanzierung eines Gleises  faktisch steht, ist sie beim zweiten noch strittig. Hier m\u00fcssen sich der  Bund und beide L\u00e4nder noch einigen; auch die Deutsche Bahn AG soll  einen Beitrag leisten. F\u00fcr die Hamburger Verkehrsplanung spiele das  Projekt eine herausragend wichtige Rolle, sagte Senator Horch unter  Hinweis auf Pendlerstr\u00f6me und Entlastung des Hauptbahnhofs. F\u00fcr  Schleswig-Holstein wird das Vorhaben besonders im Zusammenhang mit dem  geplanten Fehmarnbelt-Tunnel wichtig.<\/p>\n<h2>Streit um Windernergie-Messe ist abgehakt<\/h2>\n<p>Bei Horchs offiziellem Antrittsbesuch in Kiel vereinbarten beide  Politiker auch eine enge Abstimmung beim Ausbau der erneuerbaren  Energien. Der Streit um die weltgr\u00f6\u00dfte Windenergie-Messe sei abgehakt,  sagte de Jager. &#8222;<q>Husum ist der pr\u00e4ferierte Standort.<\/q>&#8220; Auf jeden  Fall soll die Messe in Norddeutschland bleiben. Im Hinblick auf die  Spitzenforschung wollen beide L\u00e4nder eine gemeinsame Strategie f\u00fcr ihre  Fraunhofer-Einrichtungen entwickeln. Parallele Investitionen in  identische Forschungs- und Gesch\u00e4ftsfelder k\u00f6nnten dann vermieden  werden. Auch beim Einwerben von Drittmitteln k\u00f6nnten sich beide L\u00e4nder  abstimmen.<\/p>\n<p>Quelle: dpa<\/p>\n","protected":false},"excerpt":{"rendered":"<p>Hamburg und Kiel gemeinsam f\u00fcr S-Bahn bis Bad Oldesloe Husum bleibt pr\u00e4ferierter Standort der Windenergie-Messe Schleswig-Holstein und Hamburg wollen gemeinsam<\/p>\n","protected":false},"author":3,"featured_media":0,"comment_status":"open","ping_status":"open","sticky":false,"template":"","format":"standard","meta":{"colormag_page_container_layout":"default_layout","colormag_page_sidebar_layout":"default_layout","footnotes":""},"categories":[5],"tags":[],"class_list":["post-37726","post","type-post","status-publish","format-standard","hentry","category-politik-wirtschaft"],"_links":{"self":[{"href":"https:\/\/hier-luebeck.de\/index.php\/wp-json\/wp\/v2\/posts\/37726","targetHints":{"allow":["GET"]}}],"collection":[{"href":"https:\/\/hier-luebeck.de\/index.php\/wp-json\/wp\/v2\/posts"}],"about":[{"href":"https:\/\/hier-luebeck.de\/index.php\/wp-json\/wp\/v2\/types\/post"}],"author":[{"embeddable":true,"href":"https:\/\/hier-luebeck.de\/index.php\/wp-json\/wp\/v2\/users\/3"}],"replies":[{"embeddable":true,"href":"https:\/\/hier-luebeck.de\/index.php\/wp-json\/wp\/v2\/comments?post=37726"}],"version-history":[{"count":0,"href":"https:\/\/hier-luebeck.de\/index.php\/wp-json\/wp\/v2\/posts\/37726\/revisions"}],"wp:attachment":[{"href":"https:\/\/hier-luebeck.de\/index.php\/wp-json\/wp\/v2\/media?parent=37726"}],"wp:term":[{"taxonomy":"category","embeddable":true,"href":"https:\/\/hier-luebeck.de\/index.php\/wp-json\/wp\/v2\/categories?post=37726"},{"taxonomy":"post_tag","embeddable":true,"href":"https:\/\/hier-luebeck.de\/index.php\/wp-json\/wp\/v2\/tags?post=37726"}],"curies":[{"name":"wp","href":"https:\/\/api.w.org\/{rel}","templated":true}]}}