{"id":37737,"date":"2011-07-13T22:27:10","date_gmt":"2011-07-13T20:27:10","guid":{"rendered":"http:\/\/www.hier-luebeck.de\/?p=37737"},"modified":"2011-07-13T22:27:10","modified_gmt":"2011-07-13T20:27:10","slug":"pol-hl-hl-buntekuh-ewerstrase-50-jahrige-lubeckerin-mit-lebensgefahrlichen-verletzungen-aufgefunden","status":"publish","type":"post","link":"https:\/\/hier-luebeck.de\/index.php\/pol-hl-hl-buntekuh-ewerstrase-50-jahrige-lubeckerin-mit-lebensgefahrlichen-verletzungen-aufgefunden\/","title":{"rendered":"POL-HL: HL &#8211; Buntekuh, Ewerstra\u00dfe &#8211; 50-j\u00e4hrige L\u00fcbeckerin mit lebensgef\u00e4hrlichen Verletzungen aufgefunden"},"content":{"rendered":"<p><a href=\"http:\/\/www.hier-luebeck.de\/wp-content\/uploads\/2011\/07\/Niedergestochen-028.jpg\"><img loading=\"lazy\" decoding=\"async\" class=\"alignright size-full wp-image-37746\" title=\"Niedergestochen 028\" src=\"http:\/\/www.hier-luebeck.de\/wp-content\/uploads\/2011\/07\/Niedergestochen-028.jpg\" alt=\"\" width=\"347\" height=\"260\" srcset=\"https:\/\/hier-luebeck.de\/wp-content\/uploads\/2011\/07\/Niedergestochen-028.jpg 500w, https:\/\/hier-luebeck.de\/wp-content\/uploads\/2011\/07\/Niedergestochen-028-320x240.jpg 320w, https:\/\/hier-luebeck.de\/wp-content\/uploads\/2011\/07\/Niedergestochen-028-426x319.jpg 426w\" sizes=\"auto, (max-width: 347px) 100vw, 347px\" \/><\/a>Fotos: TBF\/Holger Kr\u00f6ger &#8211; L\u00fcbeck (ots) &#8211;  Aufmerksame Anwohner bemerkten Mittwochmittag, gegen 12.30 Uhr, die  Hilfeschreie einer 50-j\u00e4hrigen L\u00fcbeckerin im Stadtteil Buntekuh und  informierten die Polizei. Mehrere Funkstreifen wurden daraufhin  zum Einsatzort in die Ewerstra\u00dfe entsandt. Auf einer Rasenfl\u00e4che, nahe  den dortigen Mehrfamilienh\u00e4usern fanden die Einsatzkr\u00e4fte die stark  blutende Frau. Die Verletzte wies mehrere Stich- und Schnittverletzungen  am Oberk\u00f6rper auf. Nach einer ersten \u00e4rztlichen Versorgung am  Einsatzort wurde die Frau mit einem Rettungswagen in die Uniklinik  L\u00fcbeck gebracht. Nach ersten Informationen schwebt die Frau weiterhin in  Lebensgefahr.<!--more-->Da es sich hier um ein versuchtes T\u00f6tungsdelikt  handeln k\u00f6nnte haben das Kommissariat 1 und das Kommissariat 6  (Kriminaltechnik) der Bezirkskriminalinspektion (BKI) L\u00fcbeck die  Ermittlungen aufgenommen.<\/p>\n<p>Der Auffindeort und m\u00f6gliche Tatort  wurden weitr\u00e4umig abgesperrt. Im n\u00e4heren Umfeld fanden Polizeibeamte ein  Messer. Da es sich dabei um die Tatwaffe handeln k\u00f6nnte, wurde das  Messer f\u00fcr eine anschlie\u00dfende kriminaltechnische Untersuchung  sichergestellt.<\/p>\n<p>Hinweise und n\u00e4here Informationen zum Tathergang  oder zu einem Tatverd\u00e4chtigen liegen derzeit nicht vor. Sachdienliche  Zeugenhinweise nimmt das Kommissariat 1 der BKI L\u00fcbeck unter 0451-131-0  entgegen.<\/p>\n<table border=\"0\" cellspacing=\"0\" cellpadding=\"6\">\n<tbody>\n<tr>\n<td width=\"279\" valign=\"top\"><a href=\"http:\/\/www.hier-luebeck.de\/wp-content\/uploads\/2011\/07\/Niedergestochen-007.jpg\"><img loading=\"lazy\" decoding=\"async\" class=\"alignright size-full wp-image-37745\" title=\"Niedergestochen 007\" src=\"http:\/\/www.hier-luebeck.de\/wp-content\/uploads\/2011\/07\/Niedergestochen-007.jpg\" alt=\"\" width=\"500\" height=\"375\" srcset=\"https:\/\/hier-luebeck.de\/wp-content\/uploads\/2011\/07\/Niedergestochen-007.jpg 500w, https:\/\/hier-luebeck.de\/wp-content\/uploads\/2011\/07\/Niedergestochen-007-320x240.jpg 320w, https:\/\/hier-luebeck.de\/wp-content\/uploads\/2011\/07\/Niedergestochen-007-426x319.jpg 426w\" sizes=\"auto, (max-width: 500px) 100vw, 500px\" \/><\/a><\/td>\n<\/tr>\n<tr>\n<td width=\"279\" valign=\"top\"><a href=\"http:\/\/www.hier-luebeck.de\/wp-content\/uploads\/2011\/07\/Niedergestochen-028.jpg\"><img loading=\"lazy\" decoding=\"async\" class=\"alignright size-full wp-image-37746\" title=\"Niedergestochen 028\" src=\"http:\/\/www.hier-luebeck.de\/wp-content\/uploads\/2011\/07\/Niedergestochen-028.jpg\" alt=\"\" width=\"500\" height=\"375\" srcset=\"https:\/\/hier-luebeck.de\/wp-content\/uploads\/2011\/07\/Niedergestochen-028.jpg 500w, https:\/\/hier-luebeck.de\/wp-content\/uploads\/2011\/07\/Niedergestochen-028-320x240.jpg 320w, https:\/\/hier-luebeck.de\/wp-content\/uploads\/2011\/07\/Niedergestochen-028-426x319.jpg 426w\" sizes=\"auto, (max-width: 500px) 100vw, 500px\" \/><\/a><\/td>\n<\/tr>\n<tr>\n<td width=\"279\" valign=\"top\"><a href=\"http:\/\/www.hier-luebeck.de\/wp-content\/uploads\/2011\/07\/Niedergestochen-031.jpg\"><img loading=\"lazy\" decoding=\"async\" class=\"alignright size-full wp-image-37747\" title=\"Niedergestochen 031\" src=\"http:\/\/www.hier-luebeck.de\/wp-content\/uploads\/2011\/07\/Niedergestochen-031.jpg\" alt=\"\" width=\"500\" height=\"375\" srcset=\"https:\/\/hier-luebeck.de\/wp-content\/uploads\/2011\/07\/Niedergestochen-031.jpg 500w, https:\/\/hier-luebeck.de\/wp-content\/uploads\/2011\/07\/Niedergestochen-031-320x240.jpg 320w, https:\/\/hier-luebeck.de\/wp-content\/uploads\/2011\/07\/Niedergestochen-031-426x319.jpg 426w\" sizes=\"auto, (max-width: 500px) 100vw, 500px\" \/><\/a><\/td>\n<\/tr>\n<tr>\n<td width=\"279\" valign=\"top\"><a href=\"http:\/\/www.hier-luebeck.de\/wp-content\/uploads\/2011\/07\/Niedergestochen-039.jpg\"><img loading=\"lazy\" decoding=\"async\" class=\"alignright size-full wp-image-37748\" title=\"Niedergestochen 039\" src=\"http:\/\/www.hier-luebeck.de\/wp-content\/uploads\/2011\/07\/Niedergestochen-039.jpg\" alt=\"\" width=\"500\" height=\"375\" srcset=\"https:\/\/hier-luebeck.de\/wp-content\/uploads\/2011\/07\/Niedergestochen-039.jpg 500w, https:\/\/hier-luebeck.de\/wp-content\/uploads\/2011\/07\/Niedergestochen-039-320x240.jpg 320w, https:\/\/hier-luebeck.de\/wp-content\/uploads\/2011\/07\/Niedergestochen-039-426x319.jpg 426w\" sizes=\"auto, (max-width: 500px) 100vw, 500px\" \/><\/a><\/td>\n<\/tr>\n<tr>\n<td width=\"279\" valign=\"top\"><a href=\"http:\/\/www.hier-luebeck.de\/wp-content\/uploads\/2011\/07\/Niedergestochen-084.jpg\"><img loading=\"lazy\" decoding=\"async\" class=\"alignright size-full wp-image-37749\" title=\"Niedergestochen 084\" src=\"http:\/\/www.hier-luebeck.de\/wp-content\/uploads\/2011\/07\/Niedergestochen-084.jpg\" alt=\"\" width=\"500\" height=\"375\" srcset=\"https:\/\/hier-luebeck.de\/wp-content\/uploads\/2011\/07\/Niedergestochen-084.jpg 500w, https:\/\/hier-luebeck.de\/wp-content\/uploads\/2011\/07\/Niedergestochen-084-320x240.jpg 320w, https:\/\/hier-luebeck.de\/wp-content\/uploads\/2011\/07\/Niedergestochen-084-426x319.jpg 426w\" sizes=\"auto, (max-width: 500px) 100vw, 500px\" \/><\/a><\/td>\n<\/tr>\n<tr>\n<td width=\"279\" valign=\"top\"><a href=\"http:\/\/www.hier-luebeck.de\/wp-content\/uploads\/2011\/07\/Niedergestochen-104.jpg\"><img loading=\"lazy\" decoding=\"async\" class=\"alignright size-full wp-image-37750\" title=\"Niedergestochen 104\" src=\"http:\/\/www.hier-luebeck.de\/wp-content\/uploads\/2011\/07\/Niedergestochen-104.jpg\" alt=\"\" width=\"500\" height=\"375\" srcset=\"https:\/\/hier-luebeck.de\/wp-content\/uploads\/2011\/07\/Niedergestochen-104.jpg 500w, https:\/\/hier-luebeck.de\/wp-content\/uploads\/2011\/07\/Niedergestochen-104-320x240.jpg 320w, https:\/\/hier-luebeck.de\/wp-content\/uploads\/2011\/07\/Niedergestochen-104-426x319.jpg 426w\" sizes=\"auto, (max-width: 500px) 100vw, 500px\" \/><\/a><\/td>\n<\/tr>\n<tr>\n<td width=\"279\" valign=\"top\"><a href=\"http:\/\/www.hier-luebeck.de\/wp-content\/uploads\/2011\/07\/Niedergestochen-117.jpg\"><img loading=\"lazy\" decoding=\"async\" class=\"alignright size-full wp-image-37751\" title=\"Niedergestochen 117\" src=\"http:\/\/www.hier-luebeck.de\/wp-content\/uploads\/2011\/07\/Niedergestochen-117.jpg\" alt=\"\" width=\"500\" height=\"375\" srcset=\"https:\/\/hier-luebeck.de\/wp-content\/uploads\/2011\/07\/Niedergestochen-117.jpg 500w, https:\/\/hier-luebeck.de\/wp-content\/uploads\/2011\/07\/Niedergestochen-117-320x240.jpg 320w, https:\/\/hier-luebeck.de\/wp-content\/uploads\/2011\/07\/Niedergestochen-117-426x319.jpg 426w\" sizes=\"auto, (max-width: 500px) 100vw, 500px\" \/><\/a><\/td>\n<\/tr>\n<\/tbody>\n<\/table>\n","protected":false},"excerpt":{"rendered":"<p>Fotos: TBF\/Holger Kr\u00f6ger &#8211; L\u00fcbeck (ots) &#8211; Aufmerksame Anwohner bemerkten Mittwochmittag, gegen 12.30 Uhr, die Hilfeschreie einer 50-j\u00e4hrigen L\u00fcbeckerin im<\/p>\n","protected":false},"author":3,"featured_media":0,"comment_status":"open","ping_status":"open","sticky":false,"template":"","format":"standard","meta":{"colormag_page_container_layout":"default_layout","colormag_page_sidebar_layout":"default_layout","footnotes":""},"categories":[20],"tags":[],"class_list":["post-37737","post","type-post","status-publish","format-standard","hentry","category-besondere-neuigkeiten"],"_links":{"self":[{"href":"https:\/\/hier-luebeck.de\/index.php\/wp-json\/wp\/v2\/posts\/37737","targetHints":{"allow":["GET"]}}],"collection":[{"href":"https:\/\/hier-luebeck.de\/index.php\/wp-json\/wp\/v2\/posts"}],"about":[{"href":"https:\/\/hier-luebeck.de\/index.php\/wp-json\/wp\/v2\/types\/post"}],"author":[{"embeddable":true,"href":"https:\/\/hier-luebeck.de\/index.php\/wp-json\/wp\/v2\/users\/3"}],"replies":[{"embeddable":true,"href":"https:\/\/hier-luebeck.de\/index.php\/wp-json\/wp\/v2\/comments?post=37737"}],"version-history":[{"count":0,"href":"https:\/\/hier-luebeck.de\/index.php\/wp-json\/wp\/v2\/posts\/37737\/revisions"}],"wp:attachment":[{"href":"https:\/\/hier-luebeck.de\/index.php\/wp-json\/wp\/v2\/media?parent=37737"}],"wp:term":[{"taxonomy":"category","embeddable":true,"href":"https:\/\/hier-luebeck.de\/index.php\/wp-json\/wp\/v2\/categories?post=37737"},{"taxonomy":"post_tag","embeddable":true,"href":"https:\/\/hier-luebeck.de\/index.php\/wp-json\/wp\/v2\/tags?post=37737"}],"curies":[{"name":"wp","href":"https:\/\/api.w.org\/{rel}","templated":true}]}}