{"id":37785,"date":"2011-07-13T10:01:48","date_gmt":"2011-07-13T10:01:48","guid":{"rendered":"http:\/\/www.hier-luebeck.de\/2011\/07\/pol-rz-ahrensburg-nachtrag-zur-pm-v-07-07-2011-fahrradrauber\/"},"modified":"2011-07-13T10:01:48","modified_gmt":"2011-07-13T10:01:48","slug":"pol-rz-ahrensburg-nachtrag-zur-pm-v-07-07-2011-fahrradrauber","status":"publish","type":"post","link":"https:\/\/hier-luebeck.de\/index.php\/pol-rz-ahrensburg-nachtrag-zur-pm-v-07-07-2011-fahrradrauber\/","title":{"rendered":"POL-RZ: Ahrensburg  &#8211;  Nachtrag zur PM v. 07.07.2011 -Fahrradr\u00e4uber-"},"content":{"rendered":"<p>Ratzeburg (ots) &#8211; Kreis Stormarn \/ 11.07.2011, Montag     In der Nacht zum 06.07.2011, kurz nach Mitternacht, kam es zu  einer Raubtat in Bargteheide, bei der ein 33- j\u00e4hriger Mann einem 16- j\u00e4hrigen Jugendlichen ein Fahrrad raubte. Zeugen konnten den R\u00e4uber  unmittelbar danach festhalten und der Polizei \u00fcbergeben.<!--more--> Nach  Durchf\u00fchrung der polizeilichen Ma\u00dfnahmen musste der R\u00e4uber allerdings zun\u00e4chst wieder auf freien Fu\u00df gesetzt  werden. Zu diesem Fall wurde  bereits am 07.07.2011 eine Polizeimeldung ver\u00f6ffentlicht.     Weitere Ermittlungen haben nunmehr ergeben, dass der 33- j\u00e4hrige  f\u00fcr weitere Straftaten in Betracht kommt. Unter anderem wird ihm auch eine r\u00e4uberische Erpressung in Bargteheide zum Nachteil eines 12-  j\u00e4hrigen M\u00e4dchens vorgeworfen. Aufgrund dessen erlie\u00df das Amtsgericht Ahrensburg auf Antrag der Staatsanwaltschaft L\u00fcbeck am 08.07.2011  einen Haftbefehl gegen den Tatverd\u00e4chtigen. Noch am sp\u00e4tern  Nachmittag des 08.07.2011 konnte die Person nach einem Ladendiebstahl in Ahrensburg festgenommen werden. Inzwischen befindet der  Tatverd\u00e4chtige in Untersuchungshaft. Die Polizei geht davon aus, dass der Tatverd\u00e4chtige auch noch f\u00fcr mindestens zehn weitere Diebst\u00e4hle  und Sachbesch\u00e4digungen im Raum Bargteheide, Siek und Ahrensburg  verantwortlich ist.     <\/p>\n<p>Quelle: <a href=\"http:\/\/www.presseportal.de\/polizeipresse\/pm\/43735\/2078245\/pol-rz-ahrensburg-nachtrag-zur-pm-v-07-07-2011-fahrradraeuber\/api\" target=\"_blank\">presseportal.de<\/a><\/p>\n","protected":false},"excerpt":{"rendered":"<p>Ratzeburg (ots) &#8211; Kreis Stormarn \/ 11.07.2011, Montag In der Nacht zum 06.07.2011, kurz nach Mitternacht, kam es zu einer<\/p>\n","protected":false},"author":3,"featured_media":0,"comment_status":"open","ping_status":"open","sticky":false,"template":"","format":"standard","meta":{"colormag_page_container_layout":"default_layout","colormag_page_sidebar_layout":"default_layout","footnotes":""},"categories":[20],"tags":[],"class_list":["post-37785","post","type-post","status-publish","format-standard","hentry","category-besondere-neuigkeiten"],"_links":{"self":[{"href":"https:\/\/hier-luebeck.de\/index.php\/wp-json\/wp\/v2\/posts\/37785","targetHints":{"allow":["GET"]}}],"collection":[{"href":"https:\/\/hier-luebeck.de\/index.php\/wp-json\/wp\/v2\/posts"}],"about":[{"href":"https:\/\/hier-luebeck.de\/index.php\/wp-json\/wp\/v2\/types\/post"}],"author":[{"embeddable":true,"href":"https:\/\/hier-luebeck.de\/index.php\/wp-json\/wp\/v2\/users\/3"}],"replies":[{"embeddable":true,"href":"https:\/\/hier-luebeck.de\/index.php\/wp-json\/wp\/v2\/comments?post=37785"}],"version-history":[{"count":0,"href":"https:\/\/hier-luebeck.de\/index.php\/wp-json\/wp\/v2\/posts\/37785\/revisions"}],"wp:attachment":[{"href":"https:\/\/hier-luebeck.de\/index.php\/wp-json\/wp\/v2\/media?parent=37785"}],"wp:term":[{"taxonomy":"category","embeddable":true,"href":"https:\/\/hier-luebeck.de\/index.php\/wp-json\/wp\/v2\/categories?post=37785"},{"taxonomy":"post_tag","embeddable":true,"href":"https:\/\/hier-luebeck.de\/index.php\/wp-json\/wp\/v2\/tags?post=37785"}],"curies":[{"name":"wp","href":"https:\/\/api.w.org\/{rel}","templated":true}]}}