{"id":37786,"date":"2011-07-13T09:58:40","date_gmt":"2011-07-13T09:58:40","guid":{"rendered":"http:\/\/www.hier-luebeck.de\/2011\/07\/pol-rz-bad-oldesloe-einbrecher-auf-frischer-tat-festgenommen\/"},"modified":"2011-07-13T09:58:40","modified_gmt":"2011-07-13T09:58:40","slug":"pol-rz-bad-oldesloe-einbrecher-auf-frischer-tat-festgenommen","status":"publish","type":"post","link":"https:\/\/hier-luebeck.de\/index.php\/pol-rz-bad-oldesloe-einbrecher-auf-frischer-tat-festgenommen\/","title":{"rendered":"POL-RZ: Bad Oldesloe &#8211; Einbrecher auf frischer Tat festgenommen"},"content":{"rendered":"<p>Ratzeburg (ots) &#8211; Kreis Stormarn \/ 09.07.2011, Samstag     Am Samstag, gegen 03.00 Uhr, kam es in der L\u00fcbecker Stra\u00dfe in Bad  Oldesloe zu einem Einbruch. Zwei Jugendliche sowie ein  Heranwachsender (15,16 u. 18 Jahre) aus Bad Oldesloe waren gerade  dabei, \u00fcber ein sog. Oberlicht  in einen D\u00f6nerimbiss in der L\u00fcbecker  Stra\u00dfe einzusteigen.<!--more--> Zwei von Ihnen bildeten eine &#8222;R\u00e4uberleiter&#8220;,  w\u00e4hrend der Dritte &#8222;Schmiere&#8220; stand. Hierbei wurde das Trio zuf\u00e4llig  von Beamten des Zivilen Streifenkommandos Ratzeburg beobachtet. Als  die Drei die Beamten bemerkten, lie\u00dfen sie sofort von ihrem Vorhaben  ab. Die beiden Jugendlichen fl\u00fcchteten umgehend, w\u00e4hrend der  18-j\u00e4hrige vor Ort festgenommen wurde. Nach einer kurzen Fahndung  konnten auch die beiden Fl\u00fcchtigen im Stadtgebiet festgenommen  werden. Nach Feststellung Ihrer Personalien sowie R\u00fccksprache mit der zust\u00e4ndigen Staatsanwaltschaft wurde alle Drei wieder entlassen. Zum  gegenw\u00e4rtigen Zeitpunkt der Ermittlungen, geht die Polizei davon aus, dass das festgenommene Trio f\u00fcr weitere \u00e4hnliche Einbr\u00fcche in Bad  Oldesloe verantwortlich ist.     <\/p>\n<p>Quelle: <a href=\"http:\/\/www.presseportal.de\/polizeipresse\/pm\/43735\/2078236\/pol-rz-bad-oldesloe-einbrecher-auf-frischer-tat-festgenommen\/api\" target=\"_blank\">presseportal.de<\/a><\/p>\n","protected":false},"excerpt":{"rendered":"<p>Ratzeburg (ots) &#8211; Kreis Stormarn \/ 09.07.2011, Samstag Am Samstag, gegen 03.00 Uhr, kam es in der L\u00fcbecker Stra\u00dfe in<\/p>\n","protected":false},"author":3,"featured_media":0,"comment_status":"open","ping_status":"open","sticky":false,"template":"","format":"standard","meta":{"colormag_page_container_layout":"default_layout","colormag_page_sidebar_layout":"default_layout","footnotes":""},"categories":[20],"tags":[],"class_list":["post-37786","post","type-post","status-publish","format-standard","hentry","category-besondere-neuigkeiten"],"_links":{"self":[{"href":"https:\/\/hier-luebeck.de\/index.php\/wp-json\/wp\/v2\/posts\/37786","targetHints":{"allow":["GET"]}}],"collection":[{"href":"https:\/\/hier-luebeck.de\/index.php\/wp-json\/wp\/v2\/posts"}],"about":[{"href":"https:\/\/hier-luebeck.de\/index.php\/wp-json\/wp\/v2\/types\/post"}],"author":[{"embeddable":true,"href":"https:\/\/hier-luebeck.de\/index.php\/wp-json\/wp\/v2\/users\/3"}],"replies":[{"embeddable":true,"href":"https:\/\/hier-luebeck.de\/index.php\/wp-json\/wp\/v2\/comments?post=37786"}],"version-history":[{"count":0,"href":"https:\/\/hier-luebeck.de\/index.php\/wp-json\/wp\/v2\/posts\/37786\/revisions"}],"wp:attachment":[{"href":"https:\/\/hier-luebeck.de\/index.php\/wp-json\/wp\/v2\/media?parent=37786"}],"wp:term":[{"taxonomy":"category","embeddable":true,"href":"https:\/\/hier-luebeck.de\/index.php\/wp-json\/wp\/v2\/categories?post=37786"},{"taxonomy":"post_tag","embeddable":true,"href":"https:\/\/hier-luebeck.de\/index.php\/wp-json\/wp\/v2\/tags?post=37786"}],"curies":[{"name":"wp","href":"https:\/\/api.w.org\/{rel}","templated":true}]}}