{"id":37787,"date":"2011-07-13T17:09:20","date_gmt":"2011-07-13T17:09:20","guid":{"rendered":"http:\/\/www.hier-luebeck.de\/2011\/07\/pol-hl-hl-buntekuh-ewerstrase-50-jahrige-lubeckerin-mit-lebensgefahrlichen-verletzungen-aufgefunden-2\/"},"modified":"2011-07-13T17:09:20","modified_gmt":"2011-07-13T17:09:20","slug":"pol-hl-hl-buntekuh-ewerstrase-50-jahrige-lubeckerin-mit-lebensgefahrlichen-verletzungen-aufgefunden-2","status":"publish","type":"post","link":"https:\/\/hier-luebeck.de\/index.php\/pol-hl-hl-buntekuh-ewerstrase-50-jahrige-lubeckerin-mit-lebensgefahrlichen-verletzungen-aufgefunden-2\/","title":{"rendered":"POL-HL: HL &#8211; Buntekuh, Ewerstra\u00dfe \/  50-j\u00e4hrige L\u00fcbeckerin mit lebensgef\u00e4hrlichen Verletzungen aufgefunden"},"content":{"rendered":"<p>L\u00fcbeck (ots) &#8211; Aufmerksame Anwohner bemerkten Mittwochmittag,  gegen 12.30 Uhr, die Hilfeschreie einer 50-j\u00e4hrigen L\u00fcbeckerin im  Stadtteil Buntekuh und informierten die Polizei.     Mehrere Funkstreifen wurden daraufhin zum Einsatzort in die  Ewerstra\u00dfe entsandt. Auf einer Rasenfl\u00e4che, nahe den dortigen  Mehrfamilienh\u00e4usern fanden die Einsatzkr\u00e4fte die stark blutende Frau.<!--more--> Die Verletzte wies mehrere Stich- und Schnittverletzungen am  Oberk\u00f6rper auf. Nach einer ersten \u00e4rztlichen Versorgung am Einsatzort wurde die Frau mit einem Rettungswagen in die Uniklinik L\u00fcbeck  gebracht. Nach ersten Informationen schwebt die Frau weiterhin in  Lebensgefahr.     Da es sich hier um ein versuchtes T\u00f6tungsdelikt handeln k\u00f6nnte  haben das Kommissariat 1 und das Kommissariat 6 (Kriminaltechnik) der Bezirkskriminalinspektion (BKI) L\u00fcbeck die Ermittlungen aufgenommen.     Der Auffindeort und m\u00f6gliche Tatort wurden weitr\u00e4umig abgesperrt.  Im n\u00e4heren Umfeld fanden Polizeibeamte ein Messer. Da es sich dabei  um die Tatwaffe handeln k\u00f6nnte, wurde das Messer f\u00fcr eine  anschlie\u00dfende kriminaltechnische Untersuchung sichergestellt.     Hinweise und n\u00e4here Informationen zum Tathergang oder zu einem  Tatverd\u00e4chtigen liegen derzeit nicht vor. Sachdienliche  Zeugenhinweise nimmt das Kommissariat 1 der BKI L\u00fcbeck unter  0451-131-0 entgegen.     <\/p>\n<p>Quelle: <a href=\"http:\/\/www.presseportal.de\/polizeipresse\/pm\/43738\/2078734\/pol-hl-hl-buntekuh-ewerstrasse-50-jaehrige-luebeckerin-mit-lebensgefaehrlichen-verletzungen\/api\" target=\"_blank\">presseportal.de<\/a><\/p>\n","protected":false},"excerpt":{"rendered":"<p>L\u00fcbeck (ots) &#8211; Aufmerksame Anwohner bemerkten Mittwochmittag, gegen 12.30 Uhr, die Hilfeschreie einer 50-j\u00e4hrigen L\u00fcbeckerin im Stadtteil Buntekuh und informierten<\/p>\n","protected":false},"author":3,"featured_media":0,"comment_status":"open","ping_status":"open","sticky":false,"template":"","format":"standard","meta":{"colormag_page_container_layout":"default_layout","colormag_page_sidebar_layout":"default_layout","footnotes":""},"categories":[20],"tags":[],"class_list":["post-37787","post","type-post","status-publish","format-standard","hentry","category-besondere-neuigkeiten"],"_links":{"self":[{"href":"https:\/\/hier-luebeck.de\/index.php\/wp-json\/wp\/v2\/posts\/37787","targetHints":{"allow":["GET"]}}],"collection":[{"href":"https:\/\/hier-luebeck.de\/index.php\/wp-json\/wp\/v2\/posts"}],"about":[{"href":"https:\/\/hier-luebeck.de\/index.php\/wp-json\/wp\/v2\/types\/post"}],"author":[{"embeddable":true,"href":"https:\/\/hier-luebeck.de\/index.php\/wp-json\/wp\/v2\/users\/3"}],"replies":[{"embeddable":true,"href":"https:\/\/hier-luebeck.de\/index.php\/wp-json\/wp\/v2\/comments?post=37787"}],"version-history":[{"count":0,"href":"https:\/\/hier-luebeck.de\/index.php\/wp-json\/wp\/v2\/posts\/37787\/revisions"}],"wp:attachment":[{"href":"https:\/\/hier-luebeck.de\/index.php\/wp-json\/wp\/v2\/media?parent=37787"}],"wp:term":[{"taxonomy":"category","embeddable":true,"href":"https:\/\/hier-luebeck.de\/index.php\/wp-json\/wp\/v2\/categories?post=37787"},{"taxonomy":"post_tag","embeddable":true,"href":"https:\/\/hier-luebeck.de\/index.php\/wp-json\/wp\/v2\/tags?post=37787"}],"curies":[{"name":"wp","href":"https:\/\/api.w.org\/{rel}","templated":true}]}}