{"id":37791,"date":"2011-07-13T09:39:56","date_gmt":"2011-07-13T09:39:56","guid":{"rendered":"http:\/\/www.hier-luebeck.de\/2011\/07\/pol-se-bad-segeberg-laptop-am-helllichten-tag-aus-fahrzeug-gestohlen-polizei-warnt-davor-wertgegenstande-im-fahrzeug-liegen-zu-lassen\/"},"modified":"2011-07-13T09:39:56","modified_gmt":"2011-07-13T09:39:56","slug":"pol-se-bad-segeberg-laptop-am-helllichten-tag-aus-fahrzeug-gestohlen-polizei-warnt-davor-wertgegenstande-im-fahrzeug-liegen-zu-lassen","status":"publish","type":"post","link":"https:\/\/hier-luebeck.de\/index.php\/pol-se-bad-segeberg-laptop-am-helllichten-tag-aus-fahrzeug-gestohlen-polizei-warnt-davor-wertgegenstande-im-fahrzeug-liegen-zu-lassen\/","title":{"rendered":"POL-SE: Bad Segeberg &#8211; Laptop am helllichten Tag aus Fahrzeug gestohlen, Polizei warnt davor, Wertgegenst\u00e4nde im Fahrzeug liegen zu lassen"},"content":{"rendered":"<p>Bad Segeberg (ots) &#8211; Gestern, gegen 10.30 Uhr, stellte der 34  Jahre alte Gesch\u00e4digte seinen dunkelgr\u00fcnen BMW auf dem  Ihlwald-Parkplatz im Hamdorfer Weg ab. Dann brach er zu einer  Nordic-Walking-Runde in den Wald auf. Eine Sporttasche lie\u00df er  sichtbar auf dem Beifahrersitz liegen.<!--more--> Als er etwa 2 Stunden sp\u00e4ter  wieder zu seinem PKW zur\u00fcckkam, stellte er fest, dass Fensterscheiben seines BMW in seiner Abwesenheit eingeschlagen worden waren. Aus  seiner Sporttasche entwendeten die unbekannten T\u00e4ter einen Laptop der Marke &#8222;Toshiba&#8220;.     Ganz nach dem Motto &#8222;Gelegenheit macht Diebe&#8220; warnt die Polizei in diesem Zusammenhang davor, auch nur f\u00fcr kurze Zeit, Wertgegenst\u00e4nde  im Fahrzeug zur\u00fcckzulassen. Auch Taschen ohne sichtbaren Inhalt sind  f\u00fcr Diebe ein gern genommenes Ziel. Hinweise zum Verbleib des Laptops oder m\u00f6glichen T\u00e4tern bitte an die Polizei in Bad Segeberg unter  04551-884-0.   ots Originaltext: Polizeidirektion Bad Segeberg Digitale Pressemappe: http:\/\/www.polizeipresse.de\/p_story.htx?firmaid=19027  <\/p>\n<p>Quelle: <a href=\"http:\/\/www.presseportal.de\/polizeipresse\/pm\/19027\/2078217\/pol-se-bad-segeberg-laptop-am-helllichten-tag-aus-fahrzeug-gestohlen-polizei-warnt-davor\/api\" target=\"_blank\">presseportal.de<\/a><\/p>\n","protected":false},"excerpt":{"rendered":"<p>Bad Segeberg (ots) &#8211; Gestern, gegen 10.30 Uhr, stellte der 34 Jahre alte Gesch\u00e4digte seinen dunkelgr\u00fcnen BMW auf dem Ihlwald-Parkplatz<\/p>\n","protected":false},"author":3,"featured_media":0,"comment_status":"open","ping_status":"open","sticky":false,"template":"","format":"standard","meta":{"colormag_page_container_layout":"default_layout","colormag_page_sidebar_layout":"default_layout","footnotes":""},"categories":[20],"tags":[],"class_list":["post-37791","post","type-post","status-publish","format-standard","hentry","category-besondere-neuigkeiten"],"_links":{"self":[{"href":"https:\/\/hier-luebeck.de\/index.php\/wp-json\/wp\/v2\/posts\/37791","targetHints":{"allow":["GET"]}}],"collection":[{"href":"https:\/\/hier-luebeck.de\/index.php\/wp-json\/wp\/v2\/posts"}],"about":[{"href":"https:\/\/hier-luebeck.de\/index.php\/wp-json\/wp\/v2\/types\/post"}],"author":[{"embeddable":true,"href":"https:\/\/hier-luebeck.de\/index.php\/wp-json\/wp\/v2\/users\/3"}],"replies":[{"embeddable":true,"href":"https:\/\/hier-luebeck.de\/index.php\/wp-json\/wp\/v2\/comments?post=37791"}],"version-history":[{"count":0,"href":"https:\/\/hier-luebeck.de\/index.php\/wp-json\/wp\/v2\/posts\/37791\/revisions"}],"wp:attachment":[{"href":"https:\/\/hier-luebeck.de\/index.php\/wp-json\/wp\/v2\/media?parent=37791"}],"wp:term":[{"taxonomy":"category","embeddable":true,"href":"https:\/\/hier-luebeck.de\/index.php\/wp-json\/wp\/v2\/categories?post=37791"},{"taxonomy":"post_tag","embeddable":true,"href":"https:\/\/hier-luebeck.de\/index.php\/wp-json\/wp\/v2\/tags?post=37791"}],"curies":[{"name":"wp","href":"https:\/\/api.w.org\/{rel}","templated":true}]}}