{"id":37929,"date":"2011-07-15T12:58:02","date_gmt":"2011-07-15T10:58:02","guid":{"rendered":"http:\/\/www.hier-luebeck.de\/?p=37929"},"modified":"2011-07-15T12:58:02","modified_gmt":"2011-07-15T10:58:02","slug":"geplantes-bundesgesetz-soll-fordern-und-nicht-verhindern-schmalfus-fordert-ausweitung-der-mediation-auf-die-finanzgerichte","status":"publish","type":"post","link":"https:\/\/hier-luebeck.de\/index.php\/geplantes-bundesgesetz-soll-fordern-und-nicht-verhindern-schmalfus-fordert-ausweitung-der-mediation-auf-die-finanzgerichte\/","title":{"rendered":"Geplantes Bundesgesetz soll f\u00f6rdern und nicht verhindern: Schmalfu\u00df fordert Ausweitung der Mediation auf die Finanzgerichte"},"content":{"rendered":"<p>Kiel. &#8222;&#8220;Schleswig-Holsteins Justiz will ihren bundesweiten Spitzenplatz bei der gerichtlichen Mediation auch auf die Finanzgerichtsbarkeit ausweiten. Unser Ziel ist es, den B\u00fcrgerinnen und B\u00fcrgern die Mediation als moderne Form der einvernehmlichen und selbstbestimmten Konfliktl\u00f6sung bei allen Gerichtsbarkeiten Schleswig-Holsteins anzubieten.<!--more--> Wir befinden uns dabei auch in \u00dcbereinstimmung mit den Forderungen des Landesrechnungshofes.&#8220;&#8220; Dies erkl\u00e4rte Justizminister Emil Schmalfu\u00df mit Blick auf den derzeit vom Bundestag diskutierten Gesetzentwurf zur F\u00f6rderung der Mediation. Der Entwurf sehe bislang keine M\u00f6glichkeiten au\u00dfergerichtlicher Streitbeilegung f\u00fcr die Finanzgerichtsbarkeit vor.<\/p>\n<p>&#8222;&#8220;Wir hoffen, dass der Bundestag unserem Antrag aus dem Rechtsausschuss des Bundesrats folgen wird und auch f\u00fcr die Finanzgerichtsbarkeit die rechtlichen Grundlagen f\u00fcr die gerichtliche Mediation schafft&#8220;&#8220;, so Justizminister Schmalfu\u00df. &#8222;&#8220;Es gibt keine sachlichen Gr\u00fcnde, die Finanzgerichte zuk\u00fcnftig hiervon auszuschlie\u00dfen. Die L\u00e4nder sollten eigenverantwortlich \u00fcber die Einf\u00fchrung der Mediation in der Finanzgerichtsbarkeit entscheiden k\u00f6nnen, wie dies auch f\u00fcr die anderen Gerichtsbarkeiten vorgesehen ist&#8220;&#8220;, forderte der Minister. Schmalfu\u00df verwies auf bereits laufende Projekte bei den Finanzgerichten in Bremen und Rheinland-Pfalz.<\/p>\n<p>In Schleswig-Holstein wird die gerichtliche Mediation in der ordentlichen Gerichtsbarkeit am Schleswig-Holsteinischen Oberlandesgericht, an allen vier Landgerichten und bereits an vielen Amtsgerichten wie auch fl\u00e4chendeckend in der Arbeits-, der Verwaltungs- und der Sozialgerichtsbarkeit angeboten. Im Jahr 2010 haben die Gerichte in 1.108 Verfahren eine Mediation durchgef\u00fchrt und konnten diese in 871 Verfahren, d.h. in \u00fcber 78 % aller F\u00e4lle, mit Erfolg abschlie\u00dfen.<\/p>\n<p>In diesem Herbst sollte die letzte L\u00fccke bei der Finanzgerichtsbarkeit geschlossen werden. &#8222;&#8220;Drei unserer Richterinnen und Richter werden derzeit zu Mediatoren ausgebildet und stehen in den Startl\u00f6chern. Wir sehen uns aber durch das geplante Mediationsgesetz hieran gehindert&#8220;&#8220;, erkl\u00e4rt Dr. Birger Brandt, Pr\u00e4sident des Schleswig-Holsteinischen Finanzgerichts.<\/p>\n","protected":false},"excerpt":{"rendered":"<p>Kiel. &#8222;&#8220;Schleswig-Holsteins Justiz will ihren bundesweiten Spitzenplatz bei der gerichtlichen Mediation auch auf die Finanzgerichtsbarkeit ausweiten. Unser Ziel ist es,<\/p>\n","protected":false},"author":3,"featured_media":0,"comment_status":"open","ping_status":"open","sticky":false,"template":"","format":"standard","meta":{"colormag_page_container_layout":"default_layout","colormag_page_sidebar_layout":"default_layout","footnotes":""},"categories":[5],"tags":[],"class_list":["post-37929","post","type-post","status-publish","format-standard","hentry","category-politik-wirtschaft"],"_links":{"self":[{"href":"https:\/\/hier-luebeck.de\/index.php\/wp-json\/wp\/v2\/posts\/37929","targetHints":{"allow":["GET"]}}],"collection":[{"href":"https:\/\/hier-luebeck.de\/index.php\/wp-json\/wp\/v2\/posts"}],"about":[{"href":"https:\/\/hier-luebeck.de\/index.php\/wp-json\/wp\/v2\/types\/post"}],"author":[{"embeddable":true,"href":"https:\/\/hier-luebeck.de\/index.php\/wp-json\/wp\/v2\/users\/3"}],"replies":[{"embeddable":true,"href":"https:\/\/hier-luebeck.de\/index.php\/wp-json\/wp\/v2\/comments?post=37929"}],"version-history":[{"count":0,"href":"https:\/\/hier-luebeck.de\/index.php\/wp-json\/wp\/v2\/posts\/37929\/revisions"}],"wp:attachment":[{"href":"https:\/\/hier-luebeck.de\/index.php\/wp-json\/wp\/v2\/media?parent=37929"}],"wp:term":[{"taxonomy":"category","embeddable":true,"href":"https:\/\/hier-luebeck.de\/index.php\/wp-json\/wp\/v2\/categories?post=37929"},{"taxonomy":"post_tag","embeddable":true,"href":"https:\/\/hier-luebeck.de\/index.php\/wp-json\/wp\/v2\/tags?post=37929"}],"curies":[{"name":"wp","href":"https:\/\/api.w.org\/{rel}","templated":true}]}}