{"id":38262,"date":"2011-07-20T11:00:52","date_gmt":"2011-07-20T11:00:52","guid":{"rendered":"http:\/\/www.hier-luebeck.de\/2011\/07\/pol-se-bornhoved-abschlepper-verursachte-schaden-an-einem-bmw-und-entfernte-sich-vom-unfallort\/"},"modified":"2011-07-20T11:00:52","modified_gmt":"2011-07-20T11:00:52","slug":"pol-se-bornhoved-abschlepper-verursachte-schaden-an-einem-bmw-und-entfernte-sich-vom-unfallort","status":"publish","type":"post","link":"https:\/\/hier-luebeck.de\/index.php\/pol-se-bornhoved-abschlepper-verursachte-schaden-an-einem-bmw-und-entfernte-sich-vom-unfallort\/","title":{"rendered":"POL-SE: Bornh\u00f6ved &#8211; Abschlepper verursachte Schaden an einem BMW und entfernte sich vom Unfallort"},"content":{"rendered":"<p>Bornh\u00f6ved (ots) &#8211; Heute Morgen, gegen 07.15 Uhr,  kam es in  Bornh\u00f6ved,  Kieler Tor 7 zu einer Verkehrsunfallflucht. Durch einen  Abschlepper wurde beim Wenden ein parkender, bronzefarbener BMW X1  angefahren und besch\u00e4digt. Es entstand ein gesch\u00e4tzter Sachschaden  von 3000 Euro.<!--more-->     Nach Zeugenangaben hat es sich um ein kleineres Abschleppfahrzeug  gehandelt mit auff\u00e4llig vielen Aufschriften an der Fahrzeugseite. Es  soll sich nicht um einen ADAC-Abschlepper gehandelt haben, sondern um ein Privatunternehmen. Eventuell auch um einen Fahrzeugh\u00e4ndler.     Am Unfallort konnten von dem verursachenden Fahrzeug gr\u00fcne  Kunststoffteile aufgefunden werden, die vermutlich von einer  r\u00fcckw\u00e4rtigen Beleuchtungseinrichtung stammen d\u00fcrften.     Es ist davon auszugehen, dass der Fahrer des Abschleppers den  Unfall gar nicht bemerkt hat.     Die Polizei bittet nun Zeugen oder den Verursacher selber sich bei der Polizei in Bornh\u00f6ved zu melden, unter 04323-6410.   ots Originaltext: Polizeidirektion Bad Segeberg Digitale Pressemappe: http:\/\/www.polizeipresse.de\/p_story.htx?firmaid=19027  <\/p>\n<p>Quelle: <a href=\"http:\/\/www.presseportal.de\/polizeipresse\/pm\/19027\/2082039\/pol-se-bornhoeved-abschlepper-verursachte-schaden-an-einem-bmw-und-entfernte-sich-vom-unfallort\/api\" target=\"_blank\">presseportal.de<\/a><\/p>\n","protected":false},"excerpt":{"rendered":"<p>Bornh\u00f6ved (ots) &#8211; Heute Morgen, gegen 07.15 Uhr, kam es in Bornh\u00f6ved, Kieler Tor 7 zu einer Verkehrsunfallflucht. Durch einen<\/p>\n","protected":false},"author":3,"featured_media":0,"comment_status":"open","ping_status":"open","sticky":false,"template":"","format":"standard","meta":{"colormag_page_container_layout":"default_layout","colormag_page_sidebar_layout":"default_layout","footnotes":""},"categories":[20],"tags":[],"class_list":["post-38262","post","type-post","status-publish","format-standard","hentry","category-besondere-neuigkeiten"],"_links":{"self":[{"href":"https:\/\/hier-luebeck.de\/index.php\/wp-json\/wp\/v2\/posts\/38262","targetHints":{"allow":["GET"]}}],"collection":[{"href":"https:\/\/hier-luebeck.de\/index.php\/wp-json\/wp\/v2\/posts"}],"about":[{"href":"https:\/\/hier-luebeck.de\/index.php\/wp-json\/wp\/v2\/types\/post"}],"author":[{"embeddable":true,"href":"https:\/\/hier-luebeck.de\/index.php\/wp-json\/wp\/v2\/users\/3"}],"replies":[{"embeddable":true,"href":"https:\/\/hier-luebeck.de\/index.php\/wp-json\/wp\/v2\/comments?post=38262"}],"version-history":[{"count":0,"href":"https:\/\/hier-luebeck.de\/index.php\/wp-json\/wp\/v2\/posts\/38262\/revisions"}],"wp:attachment":[{"href":"https:\/\/hier-luebeck.de\/index.php\/wp-json\/wp\/v2\/media?parent=38262"}],"wp:term":[{"taxonomy":"category","embeddable":true,"href":"https:\/\/hier-luebeck.de\/index.php\/wp-json\/wp\/v2\/categories?post=38262"},{"taxonomy":"post_tag","embeddable":true,"href":"https:\/\/hier-luebeck.de\/index.php\/wp-json\/wp\/v2\/tags?post=38262"}],"curies":[{"name":"wp","href":"https:\/\/api.w.org\/{rel}","templated":true}]}}