{"id":38264,"date":"2011-07-20T10:33:54","date_gmt":"2011-07-20T10:33:54","guid":{"rendered":"http:\/\/www.hier-luebeck.de\/2011\/07\/pol-se-bornhoved-11jahrige-lief-vor-dem-bus-auf-die-fahrbahn-und-wurde-von-einem-fahrzeug-erfasst\/"},"modified":"2011-07-20T10:33:54","modified_gmt":"2011-07-20T10:33:54","slug":"pol-se-bornhoved-11jahrige-lief-vor-dem-bus-auf-die-fahrbahn-und-wurde-von-einem-fahrzeug-erfasst","status":"publish","type":"post","link":"https:\/\/hier-luebeck.de\/index.php\/pol-se-bornhoved-11jahrige-lief-vor-dem-bus-auf-die-fahrbahn-und-wurde-von-einem-fahrzeug-erfasst\/","title":{"rendered":"POL-SE: Bornh\u00f6ved &#8211; 11j\u00e4hrige lief vor dem Bus auf die Fahrbahn und wurde von einem Fahrzeug erfasst"},"content":{"rendered":"<p>Bornh\u00f6ved (ots) &#8211; Gestern, gegen 17.25 Uhr, befuhr ein 52 Jahre  alter Mann aus G\u00f6nnebek in einem Honda die K 40\/Kuhberg in Richtung  G\u00f6nnebek. Vor ihm hielt ein Linienbus der Verkehrsbetriebe Pl\u00f6n. Der  Busfahrer hatte den rechten Blinker gesetzt. Der 52j\u00e4hrige fuhr mit  etwa 30-50 km\/h links an dem Bus vorbei.<!--more--> Pl\u00f6tzlich lief vor dem Bus  ein 11 Jahre altes M\u00e4dchen auf die Fahrbahn, um diese zu \u00fcberqueren.  Der Hondafahrer bremste noch stark, erfasste jedoch die 11\u00e4hrige mit  der rechten PKW-Seite. Das M\u00e4dchen wurde durch das Fahrzeug auf die  Stra\u00dfe geschleudert. Die 11j\u00e4hrige hatte Gl\u00fcck im Ungl\u00fcck, sie wurde  nur leicht verletzt u.a. mit Absch\u00fcrfungen und Platzwunde, und wurde  in das FEK Neum\u00fcnster verbracht. Der 52j\u00e4hrige Hondafahrer erlitt  einen Schock und wurde in das AK Segeberg verbracht.   ots Originaltext: Polizeidirektion Bad Segeberg Digitale Pressemappe: http:\/\/www.polizeipresse.de\/p_story.htx?firmaid=19027  <\/p>\n<p>Quelle: <a href=\"http:\/\/www.presseportal.de\/polizeipresse\/pm\/19027\/2082007\/pol-se-bornhoeved-11jaehrige-lief-vor-dem-bus-auf-die-fahrbahn-und-wurde-von-einem-fahrzeug-erfasst\/api\" target=\"_blank\">presseportal.de<\/a><\/p>\n","protected":false},"excerpt":{"rendered":"<p>Bornh\u00f6ved (ots) &#8211; Gestern, gegen 17.25 Uhr, befuhr ein 52 Jahre alter Mann aus G\u00f6nnebek in einem Honda die K<\/p>\n","protected":false},"author":3,"featured_media":0,"comment_status":"open","ping_status":"open","sticky":false,"template":"","format":"standard","meta":{"colormag_page_container_layout":"default_layout","colormag_page_sidebar_layout":"default_layout","footnotes":""},"categories":[20],"tags":[],"class_list":["post-38264","post","type-post","status-publish","format-standard","hentry","category-besondere-neuigkeiten"],"_links":{"self":[{"href":"https:\/\/hier-luebeck.de\/index.php\/wp-json\/wp\/v2\/posts\/38264","targetHints":{"allow":["GET"]}}],"collection":[{"href":"https:\/\/hier-luebeck.de\/index.php\/wp-json\/wp\/v2\/posts"}],"about":[{"href":"https:\/\/hier-luebeck.de\/index.php\/wp-json\/wp\/v2\/types\/post"}],"author":[{"embeddable":true,"href":"https:\/\/hier-luebeck.de\/index.php\/wp-json\/wp\/v2\/users\/3"}],"replies":[{"embeddable":true,"href":"https:\/\/hier-luebeck.de\/index.php\/wp-json\/wp\/v2\/comments?post=38264"}],"version-history":[{"count":0,"href":"https:\/\/hier-luebeck.de\/index.php\/wp-json\/wp\/v2\/posts\/38264\/revisions"}],"wp:attachment":[{"href":"https:\/\/hier-luebeck.de\/index.php\/wp-json\/wp\/v2\/media?parent=38264"}],"wp:term":[{"taxonomy":"category","embeddable":true,"href":"https:\/\/hier-luebeck.de\/index.php\/wp-json\/wp\/v2\/categories?post=38264"},{"taxonomy":"post_tag","embeddable":true,"href":"https:\/\/hier-luebeck.de\/index.php\/wp-json\/wp\/v2\/tags?post=38264"}],"curies":[{"name":"wp","href":"https:\/\/api.w.org\/{rel}","templated":true}]}}