{"id":38288,"date":"2011-07-21T10:12:14","date_gmt":"2011-07-21T08:12:14","guid":{"rendered":"http:\/\/www.hier-luebeck.de\/?p=38288"},"modified":"2011-07-21T10:12:14","modified_gmt":"2011-07-21T08:12:14","slug":"freie-platze-bei-den-ferienpassangeboten-im-buddenbrookhaus-und-museum-fur-natur-und-umwelt","status":"publish","type":"post","link":"https:\/\/hier-luebeck.de\/index.php\/freie-platze-bei-den-ferienpassangeboten-im-buddenbrookhaus-und-museum-fur-natur-und-umwelt\/","title":{"rendered":"Freie Pl\u00e4tze bei den Ferienpassangeboten im Buddenbrookhaus und Museum f\u00fcr Natur und Umwelt"},"content":{"rendered":"<p>Langeweile in den Sommerferien? Der L\u00fcbecker Ferienpass, an dem sich die L\u00fcbecker Museen beteiligen, lockt in den Sommerwochen mit tollen Aktionen. Im Museum f\u00fcr Natur und Umwelt und im Buddenbrookhaus gibt es sogar noch freie Pl\u00e4tze bei den Ferienpassangeboten.<!--more--><br \/>\nDas Museum f\u00fcr Natur und Umwelt in L\u00fcbeck bietet unter dem Titel \u201ePlanktonwelt\u201c einen zweist\u00fcndigen Mikroskopierkurs am Dienstag, 26. Juli, 10 &#8211; 12 Uhr und 14 &#8211; 16 Uhr, am Mittwoch, 27. Juli, 10 &#8211; 12 Uhr und 14 &#8211; 16 Uhr und am Donnerstag, 28. Juli, 10 &#8211; 12 Uhr und 14 \u2013 16 Uhr an. Die Teilnahme kostet 5 Euro. Am 2. August und 3. August stehen im Museum f\u00fcr Natur und Umwelt alle Arten von Steinen auf dem Programm mit einem Ausflug ans Brodtener Ufer. Los geht\u2019s an beiden Tagen um 9.30 Uhr. Die Teilnahme kostet 5 Euro zuz\u00fcglich der Zugfahrkarte nach Travem\u00fcnde f\u00fcr die Hin- und R\u00fcckfahrt. Das Museum bittet f\u00fcr alle Angebote um Anmeldung unter 0451-122 2296.<\/p>\n<p>Im Buddenbrookhaus k\u00f6nnen Kinder im Alter von 6 bis 12 Jahren am Samstag, 30. Juli sowie am 13. August, jeweils um 11 Uhr unter Anleitung von Museumsp\u00e4dagogin Cora Oertel ein kleines Theater selber bauen und gestalten. Die Teilnahme kostet 2,50 f\u00fcr Kinder,<br \/>\nErwachsene zahlen 5 Euro inkl. Material. Das Buddenbrookhaus bittet um Anmeldung unter 0451-122-4240.<\/p>\n","protected":false},"excerpt":{"rendered":"<p>Langeweile in den Sommerferien? Der L\u00fcbecker Ferienpass, an dem sich die L\u00fcbecker Museen beteiligen, lockt in den Sommerwochen mit tollen<\/p>\n","protected":false},"author":3,"featured_media":0,"comment_status":"open","ping_status":"open","sticky":false,"template":"","format":"standard","meta":{"colormag_page_container_layout":"default_layout","colormag_page_sidebar_layout":"default_layout","footnotes":""},"categories":[14],"tags":[],"class_list":["post-38288","post","type-post","status-publish","format-standard","hentry","category-tipps-informationen"],"_links":{"self":[{"href":"https:\/\/hier-luebeck.de\/index.php\/wp-json\/wp\/v2\/posts\/38288","targetHints":{"allow":["GET"]}}],"collection":[{"href":"https:\/\/hier-luebeck.de\/index.php\/wp-json\/wp\/v2\/posts"}],"about":[{"href":"https:\/\/hier-luebeck.de\/index.php\/wp-json\/wp\/v2\/types\/post"}],"author":[{"embeddable":true,"href":"https:\/\/hier-luebeck.de\/index.php\/wp-json\/wp\/v2\/users\/3"}],"replies":[{"embeddable":true,"href":"https:\/\/hier-luebeck.de\/index.php\/wp-json\/wp\/v2\/comments?post=38288"}],"version-history":[{"count":0,"href":"https:\/\/hier-luebeck.de\/index.php\/wp-json\/wp\/v2\/posts\/38288\/revisions"}],"wp:attachment":[{"href":"https:\/\/hier-luebeck.de\/index.php\/wp-json\/wp\/v2\/media?parent=38288"}],"wp:term":[{"taxonomy":"category","embeddable":true,"href":"https:\/\/hier-luebeck.de\/index.php\/wp-json\/wp\/v2\/categories?post=38288"},{"taxonomy":"post_tag","embeddable":true,"href":"https:\/\/hier-luebeck.de\/index.php\/wp-json\/wp\/v2\/tags?post=38288"}],"curies":[{"name":"wp","href":"https:\/\/api.w.org\/{rel}","templated":true}]}}