{"id":38292,"date":"2011-07-21T11:39:09","date_gmt":"2011-07-21T09:39:09","guid":{"rendered":"http:\/\/www.hier-luebeck.de\/?p=38292"},"modified":"2011-07-21T11:39:09","modified_gmt":"2011-07-21T09:39:09","slug":"forderung-der-danischen-schulen-minderheitenbeauftragte-caroline-schwarz-ruft-bund-zur-fortsetzung-auf","status":"publish","type":"post","link":"https:\/\/hier-luebeck.de\/index.php\/forderung-der-danischen-schulen-minderheitenbeauftragte-caroline-schwarz-ruft-bund-zur-fortsetzung-auf\/","title":{"rendered":"F\u00f6rderung der d\u00e4nischen Schulen: Minderheitenbeauftragte Caroline Schwarz ruft Bund zur Fortsetzung auf"},"content":{"rendered":"<p>F\u00fcr eine dauerhaft erh\u00f6hte F\u00f6rderung der d\u00e4nischen Schulen durch die Bundesregierung \u00fcber das Jahr 2011 hinaus hat sich Schleswig-Holsteins Minderheitenbeauftragte, Caroline Schwarz, eingesetzt. Schwarz warb in einem Brief an den Minderheitenbeauftragten der Bundesregierung, Staatssekret\u00e4r Dr. Christoph Bergner, daf\u00fcr, den zus\u00e4tzlichen Zuschuss f\u00fcr den D\u00e4nischen Schulverein von 3,5 Millionen Euro zu verstetigen.<!--more--><\/p>\n<p>Die Bundesregierung hatte dem d\u00e4nischen Schulverein 2011 eine zus\u00e4tzliche Zuwendung von 3,5 Millionen Euro bewilligt. Im Entwurf des Bundehaushaltes 2012 ist diese F\u00f6rderung nicht vorgesehen. Der Betrag kompensierte eine K\u00fcrzung der Landeszuwendungen an die Schulen der d\u00e4nischen Minderheit, die die Landesregierung auf ihrem Weg zur Konsolidierung des Haushaltes hatte absenken m\u00fcssen.<\/p>\n<p>Die Minderheitenbeauftragte appellierte an den Bund, alle m\u00f6glichen Wege zu pr\u00fcfen, seinen Zuschuss beizubehalten. Sie verwies dabei auf die au\u00dfenpolitische Relevanz des deutsch-d\u00e4nischen Verh\u00e4ltnisses. &#8222;Das \u00fcbergeordnete au\u00dfenpolitische Interesse muss auch \u00fcber 2011 Bestand haben. Die Arbeit des d\u00e4nischen Schulvereins zu sichern, kann nicht allein Aufgabe des kleinen Bundeslandes Schleswig-Holstein mit seinen drei Minderheiten sein.&#8220; Eine fr\u00fche politische Entscheidung w\u00fcrde dem Schulverein zudem die notwendige Planungssicherheit, Verbindlichkeit und Verl\u00e4sslichkeit garantieren, so Schwarz.<\/p>\n","protected":false},"excerpt":{"rendered":"<p>F\u00fcr eine dauerhaft erh\u00f6hte F\u00f6rderung der d\u00e4nischen Schulen durch die Bundesregierung \u00fcber das Jahr 2011 hinaus hat sich Schleswig-Holsteins Minderheitenbeauftragte,<\/p>\n","protected":false},"author":3,"featured_media":0,"comment_status":"open","ping_status":"open","sticky":false,"template":"","format":"standard","meta":{"colormag_page_container_layout":"default_layout","colormag_page_sidebar_layout":"default_layout","footnotes":""},"categories":[5],"tags":[],"class_list":["post-38292","post","type-post","status-publish","format-standard","hentry","category-politik-wirtschaft"],"_links":{"self":[{"href":"https:\/\/hier-luebeck.de\/index.php\/wp-json\/wp\/v2\/posts\/38292","targetHints":{"allow":["GET"]}}],"collection":[{"href":"https:\/\/hier-luebeck.de\/index.php\/wp-json\/wp\/v2\/posts"}],"about":[{"href":"https:\/\/hier-luebeck.de\/index.php\/wp-json\/wp\/v2\/types\/post"}],"author":[{"embeddable":true,"href":"https:\/\/hier-luebeck.de\/index.php\/wp-json\/wp\/v2\/users\/3"}],"replies":[{"embeddable":true,"href":"https:\/\/hier-luebeck.de\/index.php\/wp-json\/wp\/v2\/comments?post=38292"}],"version-history":[{"count":0,"href":"https:\/\/hier-luebeck.de\/index.php\/wp-json\/wp\/v2\/posts\/38292\/revisions"}],"wp:attachment":[{"href":"https:\/\/hier-luebeck.de\/index.php\/wp-json\/wp\/v2\/media?parent=38292"}],"wp:term":[{"taxonomy":"category","embeddable":true,"href":"https:\/\/hier-luebeck.de\/index.php\/wp-json\/wp\/v2\/categories?post=38292"},{"taxonomy":"post_tag","embeddable":true,"href":"https:\/\/hier-luebeck.de\/index.php\/wp-json\/wp\/v2\/tags?post=38292"}],"curies":[{"name":"wp","href":"https:\/\/api.w.org\/{rel}","templated":true}]}}