{"id":38304,"date":"2011-07-21T11:42:29","date_gmt":"2011-07-21T09:42:29","guid":{"rendered":"http:\/\/www.hier-luebeck.de\/?p=38304"},"modified":"2011-07-21T11:42:29","modified_gmt":"2011-07-21T09:42:29","slug":"werner-kalinka-bei-blutproben-praxisorientiert-und-praxistauglich-vorgehen","status":"publish","type":"post","link":"https:\/\/hier-luebeck.de\/index.php\/werner-kalinka-bei-blutproben-praxisorientiert-und-praxistauglich-vorgehen\/","title":{"rendered":"Werner Kalinka: Bei Blutproben praxisorientiert und praxistauglich vorgehen"},"content":{"rendered":"<p>Die CDU-Fraktion im Schleswig-Holsteinischen Landtag unterst\u00fctzt die Forderung der Pr\u00e4sidentin des Oberlandesgerichtes, Uta F\u00f6lster, nach einem Verzicht auf den Richtervorbehalt bei Blutproben nach Alkoholkontrollen im Stra\u00dfenverkehr:<!--more--><\/p>\n<p>&#8222;Das ist eine sachgerechte, praxisorientierte und praxistaugliche Anregung. Die CDU-Fraktion teilt diese Auffassung seit langem&#8220;, erkl\u00e4rte der innenpolitische Sprecher der CDU-Landtagsfraktion heute (21. Juli 2011) in Kiel.<\/p>\n<p>Besonders f\u00fcr die Polizei w\u00e4re dies eine erheblich erleichternde, der Rechtssicherheit ihrer Arbeit dienende Handhabung. Der &#8222;Piks&#8220; bei einer Blutentnahme sei tats\u00e4chlich kein bedeutsamer Eingriff. Eine Alkoholprobe erfolge im \u00dcbrigen nicht ohne Anlass. Schon heute seien die Richter bei ihrer Entscheidung in den meisten F\u00e4llen auf die Einsch\u00e4tzung der Polizeibeamten vor Ort angewiesen. F\u00fcr die Rechtm\u00e4\u00dfigkeit der Anordnung zur Blutprobe stehe der Polizeibeamte wie auch sonst bei seinem Handeln ein.<\/p>\n<p>&#8222;Ich bin \u00fcberzeugt, dass die Beamten dieser Verantwortung in korrekter und guter Weise gerecht w\u00fcrden&#8220;, so Kalinka.<\/p>\n<p>Fehler k\u00f6nnten \u00fcberall passieren &#8211; nicht nur bei der Polizei. Es gebe im \u00dcbrigen eine Vielzahl von Problemen aus der polizeilichen Praxis, die mehr Abw\u00e4gung erfordern als die Entscheidung \u00fcber einen Alkoholtest.<\/p>\n<p>&#8222;Wenn die Pr\u00e4sidentin des Oberlandesgerichtes sich f\u00fcr eine Korrektur der bisherigen Handhabung ausspricht, dann hat dies Gewicht. Es w\u00e4re gut, wenn der Justizminister \u00fcber das Thema noch einmal nachdenken w\u00fcrde&#8220;, erkl\u00e4rte Kalinka abschlie\u00dfend.<\/p>\n","protected":false},"excerpt":{"rendered":"<p>Die CDU-Fraktion im Schleswig-Holsteinischen Landtag unterst\u00fctzt die Forderung der Pr\u00e4sidentin des Oberlandesgerichtes, Uta F\u00f6lster, nach einem Verzicht auf den Richtervorbehalt<\/p>\n","protected":false},"author":3,"featured_media":0,"comment_status":"open","ping_status":"open","sticky":false,"template":"","format":"standard","meta":{"colormag_page_container_layout":"default_layout","colormag_page_sidebar_layout":"default_layout","footnotes":""},"categories":[5],"tags":[],"class_list":["post-38304","post","type-post","status-publish","format-standard","hentry","category-politik-wirtschaft"],"_links":{"self":[{"href":"https:\/\/hier-luebeck.de\/index.php\/wp-json\/wp\/v2\/posts\/38304","targetHints":{"allow":["GET"]}}],"collection":[{"href":"https:\/\/hier-luebeck.de\/index.php\/wp-json\/wp\/v2\/posts"}],"about":[{"href":"https:\/\/hier-luebeck.de\/index.php\/wp-json\/wp\/v2\/types\/post"}],"author":[{"embeddable":true,"href":"https:\/\/hier-luebeck.de\/index.php\/wp-json\/wp\/v2\/users\/3"}],"replies":[{"embeddable":true,"href":"https:\/\/hier-luebeck.de\/index.php\/wp-json\/wp\/v2\/comments?post=38304"}],"version-history":[{"count":0,"href":"https:\/\/hier-luebeck.de\/index.php\/wp-json\/wp\/v2\/posts\/38304\/revisions"}],"wp:attachment":[{"href":"https:\/\/hier-luebeck.de\/index.php\/wp-json\/wp\/v2\/media?parent=38304"}],"wp:term":[{"taxonomy":"category","embeddable":true,"href":"https:\/\/hier-luebeck.de\/index.php\/wp-json\/wp\/v2\/categories?post=38304"},{"taxonomy":"post_tag","embeddable":true,"href":"https:\/\/hier-luebeck.de\/index.php\/wp-json\/wp\/v2\/tags?post=38304"}],"curies":[{"name":"wp","href":"https:\/\/api.w.org\/{rel}","templated":true}]}}