{"id":38309,"date":"2011-07-21T11:43:54","date_gmt":"2011-07-21T09:43:54","guid":{"rendered":"http:\/\/www.hier-luebeck.de\/?p=38309"},"modified":"2011-07-21T11:47:25","modified_gmt":"2011-07-21T09:47:25","slug":"handwerkskammer-lubeck-seminarprogramm-20112012-vorgestellt","status":"publish","type":"post","link":"https:\/\/hier-luebeck.de\/index.php\/handwerkskammer-lubeck-seminarprogramm-20112012-vorgestellt\/","title":{"rendered":"Handwerkskammer L\u00fcbeck: Seminarprogramm 2011\/2012 vorgestellt"},"content":{"rendered":"<p><span style=\"font-family: Arial;\">L\u00fcbeck, 21. Juli 2011 \u2013 \u201eFachkr\u00e4ftemangel\u201c \u2013 dieses Wort  pr\u00e4gt mehr und mehr die aktuellen Diskussionen in Wirtschaft und Politik. Auch  im Handwerk ist das Thema l\u00e4ngst angekommen und zahlreiche Betriebsinhaberinnen  und Betriebsinhaber fragen sich, wo die qualifizierten Fachkr\u00e4fte der Zukunft &#8211;  und der Gegenwart &#8211; noch herkommen sollen. Umso wichtiger wird es k\u00fcnftig sein,  sich selbst und seine Mitarbeiter zielgerichtet weiterzubilden. Dabei  unterst\u00fctzt die Handwerkskammer ihre Mitgliedsbetriebe mit dem heute aktuell  vorgestellten Seminarprogramm.<!--more-->\u201eIn unseren Lehrg\u00e4ngen bieten wir Ihnen zukunftsorientierte  Inhalte an \u2013 aus der Praxis f\u00fcr die Praxis\u201c, sagte Lucie Fieber, Leiterin des  Fortbildungszentrums der Handwerkskammer L\u00fcbeck anl\u00e4sslich der Vorstellung des  neuen Seminarprogramms der Kammer. Ob Meistervorbereitungskurse, kaufm\u00e4nnische  und technische Seminare oder EDV-Lehrg\u00e4nge \u2013 die Seminarbrosch\u00fcre bietet ein  breites Angebot an Fort- und Weiterbildungsm\u00f6glichkeiten. Dabei unterst\u00fctzen  Bund und L\u00e4nder die Weiterbildungsaktivit\u00e4ten in vielf\u00e4ltiger Form: \u201eNutzen Sie  die F\u00f6rderm\u00f6glichkeiten, wie z. B. das \u201eMeisterbaf\u00f6g\u201c oder das Landesprogramm  Weiterbildungsbonus Schleswig-Holstein\u201c, so der Tipp von Lucie  Fieber.<\/span><\/p>\n<p><strong><span style=\"font-family: Arial;\">Beratung \u2013 pers\u00f6nlich und kompetent<\/span><\/strong><\/p>\n<p><span style=\"font-family: Arial;\">Das Seminarangebot enth\u00e4lt alle Angebote der Handwerkskammer  L\u00fcbeck mit den Berufsbildungsst\u00e4tten Travem\u00fcnde, Kiel und Elmshorn sowie dem  Fortbildungszentrum L\u00fcbeck. Es vermittelt einen Gesamt\u00fcberblick aller Lehrg\u00e4nge  im Kammergebiet, aber auch der Kreishandwerkerschaften. Noch einmal Lucie  Fieber: \u201eGerne unterst\u00fctzen wir Sie dabei, herauszufinden, welche Fortbildung  f\u00fcr Sie oder Ihre Mitarbeiter zweckm\u00e4\u00dfig ist\u201c. Nutzen Sie die langj\u00e4hrige  Erfahrung der Kammer in der handwerklichen Aus- und Weiterbildung.<\/span><\/p>\n<p><span style=\"font-family: Arial;\">Das Seminarprogramm 2011\/2012 erhalten Sie kostenlos bei  allen Einrichtungen der Handwerkskammer, den Kreishandwerkerschaften oder den  angeschlossenen Innungen. Nat\u00fcrlich k\u00f6nnen Sie das Seminarprogramm auch  kostenlos anfordern: Tel. 0451\/38887-0 oder per E-Mail: <\/span><a title=\"mailto:fbz@hwk-luebeck.de\" href=\"mailto:fbz@hwk-luebeck.de\"><span style=\"font-family: Arial;\" title=\"mailto:fbz@hwk-luebeck.de\">fbz@hwk-luebeck.de<\/span><\/a><span style=\"font-family: Arial;\">.<\/span><\/p>\n<p><span style=\"font-family: Arial;\">Besuchen Sie auch unsere Seminardatenbank im Internet. Unter <\/span><a title=\"http:\/\/www.hwk-luebeck.de\/?id=293\" href=\"http:\/\/www.hwk-luebeck.de\/?id=293\"><span style=\"font-family: Arial;\" title=\"http:\/\/www.hwk-luebeck.de\/?id=293\">http:\/\/www.hwk-luebeck.de\/?id=293<\/span><\/a><span style=\"font-family: Arial;\"> finden  Sie einen stets aktuellen \u00dcberblick, auch \u00fcber kurzfristig geplante Lehrg\u00e4nge  und Restpl\u00e4tze in fast ausgebuchten Seminaren.<\/span><\/p>\n","protected":false},"excerpt":{"rendered":"<p>L\u00fcbeck, 21. Juli 2011 \u2013 \u201eFachkr\u00e4ftemangel\u201c \u2013 dieses Wort pr\u00e4gt mehr und mehr die aktuellen Diskussionen in Wirtschaft und Politik.<\/p>\n","protected":false},"author":3,"featured_media":0,"comment_status":"open","ping_status":"open","sticky":false,"template":"","format":"standard","meta":{"colormag_page_container_layout":"default_layout","colormag_page_sidebar_layout":"default_layout","footnotes":""},"categories":[5],"tags":[],"class_list":["post-38309","post","type-post","status-publish","format-standard","hentry","category-politik-wirtschaft"],"_links":{"self":[{"href":"https:\/\/hier-luebeck.de\/index.php\/wp-json\/wp\/v2\/posts\/38309","targetHints":{"allow":["GET"]}}],"collection":[{"href":"https:\/\/hier-luebeck.de\/index.php\/wp-json\/wp\/v2\/posts"}],"about":[{"href":"https:\/\/hier-luebeck.de\/index.php\/wp-json\/wp\/v2\/types\/post"}],"author":[{"embeddable":true,"href":"https:\/\/hier-luebeck.de\/index.php\/wp-json\/wp\/v2\/users\/3"}],"replies":[{"embeddable":true,"href":"https:\/\/hier-luebeck.de\/index.php\/wp-json\/wp\/v2\/comments?post=38309"}],"version-history":[{"count":0,"href":"https:\/\/hier-luebeck.de\/index.php\/wp-json\/wp\/v2\/posts\/38309\/revisions"}],"wp:attachment":[{"href":"https:\/\/hier-luebeck.de\/index.php\/wp-json\/wp\/v2\/media?parent=38309"}],"wp:term":[{"taxonomy":"category","embeddable":true,"href":"https:\/\/hier-luebeck.de\/index.php\/wp-json\/wp\/v2\/categories?post=38309"},{"taxonomy":"post_tag","embeddable":true,"href":"https:\/\/hier-luebeck.de\/index.php\/wp-json\/wp\/v2\/tags?post=38309"}],"curies":[{"name":"wp","href":"https:\/\/api.w.org\/{rel}","templated":true}]}}