{"id":38316,"date":"2011-07-21T12:14:40","date_gmt":"2011-07-21T10:14:40","guid":{"rendered":"http:\/\/www.hier-luebeck.de\/?p=38316"},"modified":"2011-07-21T12:23:35","modified_gmt":"2011-07-21T10:23:35","slug":"niederegger-marzipan-klassiker-des-jahres-2011-amaretto-kirsch","status":"publish","type":"post","link":"https:\/\/hier-luebeck.de\/index.php\/niederegger-marzipan-klassiker-des-jahres-2011-amaretto-kirsch\/","title":{"rendered":"NIEDEREGGER-Marzipan-Klassiker-des Jahres 2011 &#8222;Amaretto Kirsch&#8220;"},"content":{"rendered":"<p><a href=\"http:\/\/www.hier-luebeck.de\/wp-content\/uploads\/2011\/07\/Niederegger-Marzipan-Amaretto-Kirsch-Klassiker-2011_002a.jpg\"><img loading=\"lazy\" decoding=\"async\" class=\"alignright size-full wp-image-38319\" title=\"Niederegger Marzipan Amaretto Kirsch Klassiker 2011_002a\" src=\"http:\/\/www.hier-luebeck.de\/wp-content\/uploads\/2011\/07\/Niederegger-Marzipan-Amaretto-Kirsch-Klassiker-2011_002a.jpg\" alt=\"\" width=\"500\" height=\"345\" srcset=\"https:\/\/hier-luebeck.de\/wp-content\/uploads\/2011\/07\/Niederegger-Marzipan-Amaretto-Kirsch-Klassiker-2011_002a.jpg 500w, https:\/\/hier-luebeck.de\/wp-content\/uploads\/2011\/07\/Niederegger-Marzipan-Amaretto-Kirsch-Klassiker-2011_002a-320x220.jpg 320w, https:\/\/hier-luebeck.de\/wp-content\/uploads\/2011\/07\/Niederegger-Marzipan-Amaretto-Kirsch-Klassiker-2011_002a-426x293.jpg 426w\" sizes=\"auto, (max-width: 500px) 100vw, 500px\" \/><\/a>Sommersignale, wie Sonnenstrahlen\u00a0 w\u00e4rmen K\u00f6rper und Seele &#8211;\u00a0\u00a0 Vogelgezwitscher signalisiert\u00a0 Freiheit und Gl\u00fccksgef\u00fchl, beides gemeinsam lockt zur Freizeit im Freien. Wann auch sonst schmeckt ein frischer Kaffee besser,\u00a0 als in Begleitung\u00a0\u00a0 freundlich zwinkernder Sonnenstrahlen? Traditionell geh\u00f6rt zu diesem\u00a0 Sommerkaffee nat\u00fcrlich auch eine kleine aber feine S\u00fc\u00dfigkeit, die erfrischend und zart den Gaumenschmaus vollendet.<!--more-->Das NIEDEREGGER Traditionshaus hat auch in diesem Jahr wieder die perfekte Erg\u00e4nzung kreiert Schlicht in ihrer Form, einzigartig im Geschmack pr\u00e4sentieren sich die NIEDEREGGER Klassiker des Jahres auch 2011.<\/p>\n<p>Unter einer hauchzarten Schicht feinster Bitterschokolade verbirgt sich\u00a0 k\u00f6stliches Amaretto-Kirsch-Marzipan. Fruchtig und frisch erg\u00e4nzen die kleinen\u00a0 Genussh\u00e4ppchen die Kaffeepause und machen sie zu einem Erlebnis der Superlative: nach einem gro\u00dfe n Schluck Kaffee folgen das frische Knacken exklusiver Schokolade zwischen den Z\u00e4hnen und ein genie\u00dferisches \u201eHmmm&#8230;&#8220;, wenn weiches und zartes Marzipan auf der Zunge zergeht. Einer\u00a0 solchen Kombination aus Lebensfreude und purem Genuss kann wohl kaum jemand widerstehen.<\/p>\n<p>Verpackt in einer mit warmen Farben gestalteten Schachtel eignen sich die NIEDEREGGER Klassiker des Jahres auch hervorragend zum Verschenken. Das kleine Sichtfenster erlaubt bereits im Voraus einen Blick auf die s\u00fc\u00dfen K\u00f6stlichkelten zu erhaschen, die einem das Wasser im Mund zusammenlaufen lassen.<\/p>\n<p>Die Marzipan Klassiker des Jahres &#8222;Amaretto-Kirsch&#8220; ist f\u00fcr 2,95 Euro (UVP) im Handel erh\u00e4ltlich.<\/p>\n<p><a href=\"http:\/\/www.hier-luebeck.de\/wp-content\/uploads\/2011\/07\/Niederegger-Marzipan-Amaretto-Kirsch-Klassiker-2011_001.jpg\"><img loading=\"lazy\" decoding=\"async\" class=\"size-full wp-image-38320 alignleft\" title=\"Niederegger Marzipan Amaretto Kirsch Klassiker 2011_001\" src=\"http:\/\/www.hier-luebeck.de\/wp-content\/uploads\/2011\/07\/Niederegger-Marzipan-Amaretto-Kirsch-Klassiker-2011_001.jpg\" alt=\"\" width=\"500\" height=\"348\" srcset=\"https:\/\/hier-luebeck.de\/wp-content\/uploads\/2011\/07\/Niederegger-Marzipan-Amaretto-Kirsch-Klassiker-2011_001.jpg 500w, https:\/\/hier-luebeck.de\/wp-content\/uploads\/2011\/07\/Niederegger-Marzipan-Amaretto-Kirsch-Klassiker-2011_001-320x222.jpg 320w, https:\/\/hier-luebeck.de\/wp-content\/uploads\/2011\/07\/Niederegger-Marzipan-Amaretto-Kirsch-Klassiker-2011_001-426x296.jpg 426w\" sizes=\"auto, (max-width: 500px) 100vw, 500px\" \/><\/a><\/p>\n","protected":false},"excerpt":{"rendered":"<p>Sommersignale, wie Sonnenstrahlen\u00a0 w\u00e4rmen K\u00f6rper und Seele &#8211;\u00a0\u00a0 Vogelgezwitscher signalisiert\u00a0 Freiheit und Gl\u00fccksgef\u00fchl, beides gemeinsam lockt zur Freizeit im Freien.<\/p>\n","protected":false},"author":3,"featured_media":0,"comment_status":"open","ping_status":"open","sticky":false,"template":"","format":"standard","meta":{"colormag_page_container_layout":"default_layout","colormag_page_sidebar_layout":"default_layout","footnotes":""},"categories":[14],"tags":[],"class_list":["post-38316","post","type-post","status-publish","format-standard","hentry","category-tipps-informationen"],"_links":{"self":[{"href":"https:\/\/hier-luebeck.de\/index.php\/wp-json\/wp\/v2\/posts\/38316","targetHints":{"allow":["GET"]}}],"collection":[{"href":"https:\/\/hier-luebeck.de\/index.php\/wp-json\/wp\/v2\/posts"}],"about":[{"href":"https:\/\/hier-luebeck.de\/index.php\/wp-json\/wp\/v2\/types\/post"}],"author":[{"embeddable":true,"href":"https:\/\/hier-luebeck.de\/index.php\/wp-json\/wp\/v2\/users\/3"}],"replies":[{"embeddable":true,"href":"https:\/\/hier-luebeck.de\/index.php\/wp-json\/wp\/v2\/comments?post=38316"}],"version-history":[{"count":0,"href":"https:\/\/hier-luebeck.de\/index.php\/wp-json\/wp\/v2\/posts\/38316\/revisions"}],"wp:attachment":[{"href":"https:\/\/hier-luebeck.de\/index.php\/wp-json\/wp\/v2\/media?parent=38316"}],"wp:term":[{"taxonomy":"category","embeddable":true,"href":"https:\/\/hier-luebeck.de\/index.php\/wp-json\/wp\/v2\/categories?post=38316"},{"taxonomy":"post_tag","embeddable":true,"href":"https:\/\/hier-luebeck.de\/index.php\/wp-json\/wp\/v2\/tags?post=38316"}],"curies":[{"name":"wp","href":"https:\/\/api.w.org\/{rel}","templated":true}]}}