{"id":38380,"date":"2011-07-21T11:26:44","date_gmt":"2011-07-21T11:26:44","guid":{"rendered":"http:\/\/www.hier-luebeck.de\/2011\/07\/pol-se-pinneberg-betrunkener-wollte-sein-fahrzeug-vor-einer-schranke-wenden-und-fuhr-dabei-ruckwarts-in-einen-wassergraben\/"},"modified":"2011-07-21T11:26:44","modified_gmt":"2011-07-21T11:26:44","slug":"pol-se-pinneberg-betrunkener-wollte-sein-fahrzeug-vor-einer-schranke-wenden-und-fuhr-dabei-ruckwarts-in-einen-wassergraben","status":"publish","type":"post","link":"https:\/\/hier-luebeck.de\/index.php\/pol-se-pinneberg-betrunkener-wollte-sein-fahrzeug-vor-einer-schranke-wenden-und-fuhr-dabei-ruckwarts-in-einen-wassergraben\/","title":{"rendered":"POL-SE: Pinneberg &#8211; Betrunkener wollte sein Fahrzeug vor einer Schranke wenden und fuhr dabei r\u00fcckw\u00e4rts in einen Wassergraben"},"content":{"rendered":"<p>Pinneberg (ots) &#8211; Heute Nacht, gegen 02.15 Uhr, wurde die Polizei  informiert, dass ein Renault an der Fahrradstra\u00dfe zwischen Pinneberg  und Appen in einem Wassergraben liegen soll. Der vermeintliche Fahrer soll sich etwa 100 Meter entfernt schwankend wegbewegen. Die Beamten  konnte den Mann an der Kreuzung Westring\/Lange Twiete antreffen.<!--more--> Er  machte auf die Polizisten einen unsicheren Eindruck, zudem wies er  Sch\u00fcrfwunden auf, und seine Kleidung war stark verunreinigt. Da  ebenfalls ein deutlicher Atemalkoholgeruch wahrzunehmen war, f\u00fchrten  die Beamten einen freiwilligen Atemalkoholtest durch. Dieser ergab  einen Wert von 1,81 Promille. Nach Angaben des 66 Jahre alten Fahrers aus Schenefeld, wollte er die Fahrradstra\u00dfe \/Verl\u00e4ngerung der Stra\u00dfe  Lange Twiete entlangfahren. Hier versperrte aber ein Schalgbaum ihm  die Weiterfahrt. Er versuchte mit seinem Renault zu wenden, was  misslang. Er landete r\u00fcckw\u00e4rts in dem dortigen Wassergraben, der zu  dem Zeitpunkt Wasser f\u00fchrte. Da er ausgestiegen und zweimal r\u00fcckw\u00e4rts in den Graben gefallen war, wies seine Kleidung die Verschmutzungen  auf. Dem 66j\u00e4hrigen wurde eine Blutprobe entnommen und sein  F\u00fchrerschein wurde beschlagnahmt. Nach den erforderlichen Ma\u00dfnahmen  wurde er wieder nach Hause entlassen.   ots Originaltext: Polizeidirektion Bad Segeberg Digitale Pressemappe: http:\/\/www.polizeipresse.de\/p_story.htx?firmaid=19027  <\/p>\n<p>Quelle: <a href=\"http:\/\/www.presseportal.de\/polizeipresse\/pm\/19027\/2082750\/pol-se-pinneberg-betrunkener-wollte-sein-fahrzeug-vor-einer-schranke-wenden-und-fuhr-dabei\/api\" target=\"_blank\">presseportal.de<\/a><\/p>\n","protected":false},"excerpt":{"rendered":"<p>Pinneberg (ots) &#8211; Heute Nacht, gegen 02.15 Uhr, wurde die Polizei informiert, dass ein Renault an der Fahrradstra\u00dfe zwischen Pinneberg<\/p>\n","protected":false},"author":3,"featured_media":0,"comment_status":"open","ping_status":"open","sticky":false,"template":"","format":"standard","meta":{"colormag_page_container_layout":"default_layout","colormag_page_sidebar_layout":"default_layout","footnotes":""},"categories":[20],"tags":[],"class_list":["post-38380","post","type-post","status-publish","format-standard","hentry","category-besondere-neuigkeiten"],"_links":{"self":[{"href":"https:\/\/hier-luebeck.de\/index.php\/wp-json\/wp\/v2\/posts\/38380","targetHints":{"allow":["GET"]}}],"collection":[{"href":"https:\/\/hier-luebeck.de\/index.php\/wp-json\/wp\/v2\/posts"}],"about":[{"href":"https:\/\/hier-luebeck.de\/index.php\/wp-json\/wp\/v2\/types\/post"}],"author":[{"embeddable":true,"href":"https:\/\/hier-luebeck.de\/index.php\/wp-json\/wp\/v2\/users\/3"}],"replies":[{"embeddable":true,"href":"https:\/\/hier-luebeck.de\/index.php\/wp-json\/wp\/v2\/comments?post=38380"}],"version-history":[{"count":0,"href":"https:\/\/hier-luebeck.de\/index.php\/wp-json\/wp\/v2\/posts\/38380\/revisions"}],"wp:attachment":[{"href":"https:\/\/hier-luebeck.de\/index.php\/wp-json\/wp\/v2\/media?parent=38380"}],"wp:term":[{"taxonomy":"category","embeddable":true,"href":"https:\/\/hier-luebeck.de\/index.php\/wp-json\/wp\/v2\/categories?post=38380"},{"taxonomy":"post_tag","embeddable":true,"href":"https:\/\/hier-luebeck.de\/index.php\/wp-json\/wp\/v2\/tags?post=38380"}],"curies":[{"name":"wp","href":"https:\/\/api.w.org\/{rel}","templated":true}]}}