{"id":39389,"date":"2011-08-05T09:47:37","date_gmt":"2011-08-05T07:47:37","guid":{"rendered":"http:\/\/www.hier-luebeck.de\/?p=39389"},"modified":"2011-08-05T09:47:37","modified_gmt":"2011-08-05T07:47:37","slug":"feste-fehmarnbelt-querung-ministerprasident-carstensen-nach-gesprachen-mit-danischen-kommunalpolitikern-zuversichtlich","status":"publish","type":"post","link":"https:\/\/hier-luebeck.de\/index.php\/feste-fehmarnbelt-querung-ministerprasident-carstensen-nach-gesprachen-mit-danischen-kommunalpolitikern-zuversichtlich\/","title":{"rendered":"Feste Fehmarnbelt-Querung: Ministerpr\u00e4sident Carstensen nach Gespr\u00e4chen mit d\u00e4nischen Kommunalpolitikern zuversichtlich"},"content":{"rendered":"<p>Ministerpr\u00e4sident Peter Harry Carstensen hat sich nach einem Informationsbesuch in D\u00e4nemark sehr optimistisch zum Bau der geplanten festen Fehmarnbelt-Querung gezeigt. &#8222;&#8220;Mit gro\u00dfem Interesse habe ich in den Gespr\u00e4chen mit B\u00fcrgermeistern und Kommunalvertretern der Region erfahren, wie sich die D\u00e4nen bereits jetzt auf dieses Jahrhundertprojekt vorbereiten. Durchweg wird der Tunnelbau von den d\u00e4nischen Vertretern als Riesenchance zur Wirtschaftsentwicklung gesehen&#8220;&#8220;, sagte Carstensen heute (4. August) zum Abschluss seines Besuches in Sor\u00f8.<!--more--><\/p>\n<p>Gemeinsam mit D\u00e4nemarks Transportminister Hans-Christian Schmidt und dem deutschen Botschafter Michael Zenner hatte sich Carstensen heute Vormittag in R\u00f8dby an der Baustelle zum Fehmarnbelt-Tunnel und der Produktionsst\u00e4tte f\u00fcr die Tunnel-Elemente \u00fcber den Stand der Planungen informiert. Anschlie\u00dfend sprach er mit d\u00e4nischen Politikern aus den Kommunen Lolland und Guldborgsund sowie Vertretern der Entwicklungsgesellschaft Femern Belt Development \u00fcber die Chancen der geplanten Querung. &#8222;&#8220;Ich bin beeindruckt, mit welchem Engagement an der Infrastruktur gearbeitet wird. Die D\u00e4nen begreifen und bezeichnen das Projekt selbst als nordeurop\u00e4ische Wachstumslokomotive &#8211; und alle m\u00f6chten daran teilhaben&#8220;&#8220;, so der Regierungschef.<\/p>\n<p>Zum Abschluss seines Besuches in D\u00e4nemark traf Carstensen Vertreter der Region Sj\u00e6land (Seeland) in Sor\u00f8. In den Gespr\u00e4chen zeigte sich, dass vor allem die D\u00e4nemark-Strategie der Landesregierung dort sehr positiv aufgenommen werde. Der Ministerpr\u00e4sident regte an, dass sich noch st\u00e4rker als bisher kommunale Vertreter auf beiden Seiten treffen. So k\u00f6nnten potenzielle Barrieren abgebaut und die Zusammenarbeit weiter ausgebaut werden.<\/p>\n","protected":false},"excerpt":{"rendered":"<p>Ministerpr\u00e4sident Peter Harry Carstensen hat sich nach einem Informationsbesuch in D\u00e4nemark sehr optimistisch zum Bau der geplanten festen Fehmarnbelt-Querung gezeigt.<\/p>\n","protected":false},"author":3,"featured_media":0,"comment_status":"open","ping_status":"open","sticky":false,"template":"","format":"standard","meta":{"colormag_page_container_layout":"default_layout","colormag_page_sidebar_layout":"default_layout","footnotes":""},"categories":[5],"tags":[],"class_list":["post-39389","post","type-post","status-publish","format-standard","hentry","category-politik-wirtschaft"],"_links":{"self":[{"href":"https:\/\/hier-luebeck.de\/index.php\/wp-json\/wp\/v2\/posts\/39389","targetHints":{"allow":["GET"]}}],"collection":[{"href":"https:\/\/hier-luebeck.de\/index.php\/wp-json\/wp\/v2\/posts"}],"about":[{"href":"https:\/\/hier-luebeck.de\/index.php\/wp-json\/wp\/v2\/types\/post"}],"author":[{"embeddable":true,"href":"https:\/\/hier-luebeck.de\/index.php\/wp-json\/wp\/v2\/users\/3"}],"replies":[{"embeddable":true,"href":"https:\/\/hier-luebeck.de\/index.php\/wp-json\/wp\/v2\/comments?post=39389"}],"version-history":[{"count":0,"href":"https:\/\/hier-luebeck.de\/index.php\/wp-json\/wp\/v2\/posts\/39389\/revisions"}],"wp:attachment":[{"href":"https:\/\/hier-luebeck.de\/index.php\/wp-json\/wp\/v2\/media?parent=39389"}],"wp:term":[{"taxonomy":"category","embeddable":true,"href":"https:\/\/hier-luebeck.de\/index.php\/wp-json\/wp\/v2\/categories?post=39389"},{"taxonomy":"post_tag","embeddable":true,"href":"https:\/\/hier-luebeck.de\/index.php\/wp-json\/wp\/v2\/tags?post=39389"}],"curies":[{"name":"wp","href":"https:\/\/api.w.org\/{rel}","templated":true}]}}