{"id":39391,"date":"2011-08-05T10:11:31","date_gmt":"2011-08-05T08:11:31","guid":{"rendered":"http:\/\/www.hier-luebeck.de\/?p=39391"},"modified":"2011-08-05T10:11:31","modified_gmt":"2011-08-05T08:11:31","slug":"gesprach-von-arbeitnehmervertretern-mit-senat-ig-metall-kuste-und-senat-fordern-perspektive-fur-blohm-voss","status":"publish","type":"post","link":"https:\/\/hier-luebeck.de\/index.php\/gesprach-von-arbeitnehmervertretern-mit-senat-ig-metall-kuste-und-senat-fordern-perspektive-fur-blohm-voss\/","title":{"rendered":"Gespr\u00e4ch von Arbeitnehmervertretern mit Senat IG Metall K\u00fcste und Senat fordern  Perspektive f\u00fcr Blohm + Voss"},"content":{"rendered":"<p>Hamburg, 04.07.2011. Arbeitnehmervertreter und Senat sind sich einig, dass auch ein m\u00f6glicher neuer Investor eine mittel- und langfristige Perspektive f\u00fcr die Blohm + Voss-Betriebe in Hamburg bieten muss. Das ist das Ergebnis eines Gespr\u00e4chs von Betriebsr\u00e4ten sowie Vertretern der IG Metall K\u00fcste mit Stadtentwicklungssenatorin Jutta Blankau und dem Staatsrat der Wirtschaftsbeh\u00f6rde, Bernd Egert. <!--more--><\/p>\n<p>\u201eArbeitnehmervertreter und Senat erwarten von einem m\u00f6glichen neuen Investor, dass er die Standorte sichert und den Besch\u00e4ftigten eine Perspektive bietet\u201c, sagte der IG Metall-Schiffbauexperte Heino Bade nach dem Gespr\u00e4ch. Der Senat habe sich dar\u00fcber hinaus bereit erkl\u00e4rt, gegebenenfalls mit B\u00fcrgschaften und Garantien behilflich zu sein sowie die Neuausrichtung zu begleiten. \u201eWir sehen den ThyssenKrupp-Konzern in der Verantwortung und erwarten eine enge Abstimmung mit Arbeitnehmervertretern und Senat bei den weiteren Verkaufsgespr\u00e4chen\u201c, so der Gewerkschafter.<\/p>\n","protected":false},"excerpt":{"rendered":"<p>Hamburg, 04.07.2011. Arbeitnehmervertreter und Senat sind sich einig, dass auch ein m\u00f6glicher neuer Investor eine mittel- und langfristige Perspektive f\u00fcr<\/p>\n","protected":false},"author":3,"featured_media":0,"comment_status":"open","ping_status":"open","sticky":false,"template":"","format":"standard","meta":{"colormag_page_container_layout":"default_layout","colormag_page_sidebar_layout":"default_layout","footnotes":""},"categories":[5],"tags":[],"class_list":["post-39391","post","type-post","status-publish","format-standard","hentry","category-politik-wirtschaft"],"_links":{"self":[{"href":"https:\/\/hier-luebeck.de\/index.php\/wp-json\/wp\/v2\/posts\/39391","targetHints":{"allow":["GET"]}}],"collection":[{"href":"https:\/\/hier-luebeck.de\/index.php\/wp-json\/wp\/v2\/posts"}],"about":[{"href":"https:\/\/hier-luebeck.de\/index.php\/wp-json\/wp\/v2\/types\/post"}],"author":[{"embeddable":true,"href":"https:\/\/hier-luebeck.de\/index.php\/wp-json\/wp\/v2\/users\/3"}],"replies":[{"embeddable":true,"href":"https:\/\/hier-luebeck.de\/index.php\/wp-json\/wp\/v2\/comments?post=39391"}],"version-history":[{"count":0,"href":"https:\/\/hier-luebeck.de\/index.php\/wp-json\/wp\/v2\/posts\/39391\/revisions"}],"wp:attachment":[{"href":"https:\/\/hier-luebeck.de\/index.php\/wp-json\/wp\/v2\/media?parent=39391"}],"wp:term":[{"taxonomy":"category","embeddable":true,"href":"https:\/\/hier-luebeck.de\/index.php\/wp-json\/wp\/v2\/categories?post=39391"},{"taxonomy":"post_tag","embeddable":true,"href":"https:\/\/hier-luebeck.de\/index.php\/wp-json\/wp\/v2\/tags?post=39391"}],"curies":[{"name":"wp","href":"https:\/\/api.w.org\/{rel}","templated":true}]}}