{"id":39412,"date":"2011-08-06T08:00:30","date_gmt":"2011-08-06T06:00:30","guid":{"rendered":"http:\/\/www.hier-luebeck.de\/?p=39412"},"modified":"2011-08-05T11:00:09","modified_gmt":"2011-08-05T09:00:09","slug":"feiertage-im-ausland-2011-am-15-august-bleiben-die-geschafte-in-vielen-landern-zu-adac-nennt-die-feiertage-in-der-zweiten-jahreshalfte","status":"publish","type":"post","link":"https:\/\/hier-luebeck.de\/index.php\/feiertage-im-ausland-2011-am-15-august-bleiben-die-geschafte-in-vielen-landern-zu-adac-nennt-die-feiertage-in-der-zweiten-jahreshalfte\/","title":{"rendered":"Feiertage im Ausland 2011 Am 15. August bleiben die Gesch\u00e4fte in vielen L\u00e4ndern zu ADAC nennt die Feiertage in der zweiten Jahresh\u00e4lfte"},"content":{"rendered":"<p><a rel=\"attachment wp-att-32901\" href=\"http:\/\/www.hier-luebeck.de\/2011\/05\/unfallflucht-zettel-am-scheibenwischer-reicht-nicht-aus-adac-wer-nach-einem-parkrempler-wegfahrt-begeht-eine-straftat\/adac_logo\/\"><img loading=\"lazy\" decoding=\"async\" class=\"alignleft size-thumbnail wp-image-32901\" title=\"ADAC_Logo\" src=\"http:\/\/www.hier-luebeck.de\/wp-content\/uploads\/2011\/05\/ADAC_Logo-200x200.jpg\" alt=\"\" width=\"200\" height=\"200\" srcset=\"https:\/\/hier-luebeck.de\/wp-content\/uploads\/2011\/05\/ADAC_Logo-200x200.jpg 200w, https:\/\/hier-luebeck.de\/wp-content\/uploads\/2011\/05\/ADAC_Logo.jpg 240w\" sizes=\"auto, (max-width: 200px) 100vw, 200px\" \/><\/a>M\u00fcnchen (ots) &#8211; Der 15. August (Maria Himmelfahrt) ist hierzulande nur noch in Bayern und im Saarland ein Feiertag. Europaweit muss man aber in vielen L\u00e4ndern damit rechnen, an diesem Tag vor geschlossenen T\u00fcren zu stehen. Damit Urlauber wissen, wann andere Nationen feiern, hat der ADAC eine Liste aller Festtage der zweiten Jahresh\u00e4lfte in den wichtigsten Reisel\u00e4ndern Europas erstellt:<!--more--><\/p>\n<p>&#8211;  Belgien           15. Aug., 27. Sept., 1.,11. und 15. Nov.<br \/>\n&#8211;  Frankreich        15. Aug., 1. und 11. Nov.<br \/>\n&#8211;  Griechenland      15. Aug., 28. Okt.<br \/>\n&#8211;  Gro\u00dfbritannien    29. Aug. (nicht in Schottland), 30. Nov.<br \/>\n(Schottland)<br \/>\n&#8211;  Irland            31. Okt.<br \/>\n&#8211;  Italien           15. Aug., 1. Nov., 8. Dez.<br \/>\n&#8211;  Kroatien          15. Aug., 8. Okt., 1. Nov.<br \/>\n&#8211;  Luxemburg         15. Aug., 1.Nov.<br \/>\n&#8211;  \u00d6sterreich        15. Aug., 26. Okt., 1. Nov., 8. Dez.<br \/>\n&#8211;  Polen             15. Aug., 1. und 11. Nov.<br \/>\n&#8211;  Portugal          15. Aug., 5. Okt., 1. Nov., 1. und 8. Dez.<br \/>\n&#8211;  Schweden          5. Nov., 31. Dez.<br \/>\n&#8211;  Schweiz           15. Aug. (nicht \u00fcberall), 1. Nov., 8. Dez.<br \/>\n(nicht \u00fcberall)<br \/>\n&#8211; Slowenien          15. und 17. Aug., 15. Sept., 31. Okt., 1. und<br \/>\n23. Nov.<br \/>\n&#8211; Spanien            15. Aug., 12. Okt., 1. Nov. (nicht \u00fcberall), 6.<br \/>\nund 8. Dez.<br \/>\n&#8211; Tschechien         28. Sept., 28. Okt., 17. Nov., 24. Dez.<br \/>\n&#8211; T\u00fcrkei             30. Aug., 1. und 2. Sept., 29. Okt.<br \/>\n&#8211; Ungarn             20. Aug., 23. Okt., 1. Nov.<\/p>\n<p>Aufgez\u00e4hlt sind nur die Termine, die von bundesweiten Feiertagen in Deutschland abweichen und nicht auf einen Sonntag fallen.<\/p>\n","protected":false},"excerpt":{"rendered":"<p>M\u00fcnchen (ots) &#8211; Der 15. August (Maria Himmelfahrt) ist hierzulande nur noch in Bayern und im Saarland ein Feiertag. Europaweit<\/p>\n","protected":false},"author":3,"featured_media":0,"comment_status":"open","ping_status":"open","sticky":false,"template":"","format":"standard","meta":{"colormag_page_container_layout":"default_layout","colormag_page_sidebar_layout":"default_layout","footnotes":""},"categories":[20],"tags":[],"class_list":["post-39412","post","type-post","status-publish","format-standard","hentry","category-besondere-neuigkeiten"],"_links":{"self":[{"href":"https:\/\/hier-luebeck.de\/index.php\/wp-json\/wp\/v2\/posts\/39412","targetHints":{"allow":["GET"]}}],"collection":[{"href":"https:\/\/hier-luebeck.de\/index.php\/wp-json\/wp\/v2\/posts"}],"about":[{"href":"https:\/\/hier-luebeck.de\/index.php\/wp-json\/wp\/v2\/types\/post"}],"author":[{"embeddable":true,"href":"https:\/\/hier-luebeck.de\/index.php\/wp-json\/wp\/v2\/users\/3"}],"replies":[{"embeddable":true,"href":"https:\/\/hier-luebeck.de\/index.php\/wp-json\/wp\/v2\/comments?post=39412"}],"version-history":[{"count":0,"href":"https:\/\/hier-luebeck.de\/index.php\/wp-json\/wp\/v2\/posts\/39412\/revisions"}],"wp:attachment":[{"href":"https:\/\/hier-luebeck.de\/index.php\/wp-json\/wp\/v2\/media?parent=39412"}],"wp:term":[{"taxonomy":"category","embeddable":true,"href":"https:\/\/hier-luebeck.de\/index.php\/wp-json\/wp\/v2\/categories?post=39412"},{"taxonomy":"post_tag","embeddable":true,"href":"https:\/\/hier-luebeck.de\/index.php\/wp-json\/wp\/v2\/tags?post=39412"}],"curies":[{"name":"wp","href":"https:\/\/api.w.org\/{rel}","templated":true}]}}