{"id":39417,"date":"2011-08-06T08:07:36","date_gmt":"2011-08-06T06:07:36","guid":{"rendered":"http:\/\/www.hier-luebeck.de\/?p=39417"},"modified":"2011-08-05T11:09:55","modified_gmt":"2011-08-05T09:09:55","slug":"ulrich-maurer-bundesregierung-ist-europas-totengraber","status":"publish","type":"post","link":"https:\/\/hier-luebeck.de\/index.php\/ulrich-maurer-bundesregierung-ist-europas-totengraber\/","title":{"rendered":"Ulrich Maurer: Bundesregierung ist Europas Totengr\u00e4ber"},"content":{"rendered":"<p><a rel=\"attachment wp-att-32034\" href=\"http:\/\/www.hier-luebeck.de\/2011\/04\/gesine-lotzsch-verheerenden-boom-von-minijobs-stoppen\/die-linke\/\"><img loading=\"lazy\" decoding=\"async\" class=\"alignleft size-full wp-image-32034\" title=\"DIE LINKE\" src=\"http:\/\/www.hier-luebeck.de\/wp-content\/uploads\/2011\/04\/DIE-LINKE.jpg\" alt=\"\" width=\"239\" height=\"86\" \/><\/a>Berlin (ots) &#8211; &#8222;Die Bundesregierung wird in der Euro-Krise mit ihrer Mischung aus Arroganz und Besserwisserei zum Totengr\u00e4ber Europas&#8220;, kritisiert der stellvertretende Vorsitzende der Fraktion DIE LINKE, Ulrich Maurer, zum Verhalten der Bundesregierung in der aktuellen Zuspitzung der Euro-Krise. &#8222;W\u00e4hrend der Kommissionspr\u00e4sident und inzwischen sogar die EZB die Gefahr der Lage erkannt haben, steht die Bundesregierung weiter auf der Bremse. Doch die Hoffnung, dass Deutschland sich auf Kosten der anderen Euro-L\u00e4nder weiter durch die Krise wursteln kann, erweist sich mehr und mehr als tr\u00fcgerisch.&#8220; Maurer weiter:<!--more--><\/p>\n<p>&#8222;Dass die Entscheidung der EZB, den Ankauf von Staatsanleihen wieder aufzunehmen, praktisch gegen den Widerstand der Bundesregierung getroffen wurde, spricht B\u00e4nde. Die Bundesregierung versagt in jeder Hinsicht. Weder hat sie ernsthaft die Ursachen der Finanzkrise bek\u00e4mpft noch zeigt sie sich f\u00e4hig zu europ\u00e4ischer Verantwortung. Stattdessen wurde ein Vollkaskopaket f\u00fcr die Banken geschn\u00fcrt, den Krisenl\u00e4ndern per Spardiktat die Wirtschaft vollends ruiniert und sich einem Kurs auf wirtschaftlichen und sozialen Ausgleich in Europa verweigert.<\/p>\n<p>Der Ankauf von Staatsanleihen durch die EZB ist allenfalls eine Notma\u00dfnahme. Die Finanzierung der \u00f6ffentlichen Haushalte muss endlich vom Kopf auf die F\u00fc\u00dfe gestellt werden, indem sie aus der Abh\u00e4ngigkeit der Kapitalm\u00e4rkte befreit werden. Dazu m\u00fcssen die Staaten die M\u00f6glichkeit bekommen, \u00fcber eine Europ\u00e4ische Bank f\u00fcr \u00f6ffentliche Anleihen zinsg\u00fcnstige Kredite bei der EZB aufzunehmen. Gegen\u00fcber den Kapitalm\u00e4rkten m\u00fcssen die Euro-Staaten geschlossen auftreten, indem sofort Eurobonds eingef\u00fchrt werden. Gleichzeitig ist der Schuldenstand durch eine Beteiligung der Banken und privaten Gl\u00e4ubiger deutlich auf ein nachhaltiges Niveau zu senken.&#8220;<\/p>\n","protected":false},"excerpt":{"rendered":"<p>Berlin (ots) &#8211; &#8222;Die Bundesregierung wird in der Euro-Krise mit ihrer Mischung aus Arroganz und Besserwisserei zum Totengr\u00e4ber Europas&#8220;, kritisiert<\/p>\n","protected":false},"author":3,"featured_media":0,"comment_status":"open","ping_status":"open","sticky":false,"template":"","format":"standard","meta":{"colormag_page_container_layout":"default_layout","colormag_page_sidebar_layout":"default_layout","footnotes":""},"categories":[5],"tags":[],"class_list":["post-39417","post","type-post","status-publish","format-standard","hentry","category-politik-wirtschaft"],"_links":{"self":[{"href":"https:\/\/hier-luebeck.de\/index.php\/wp-json\/wp\/v2\/posts\/39417","targetHints":{"allow":["GET"]}}],"collection":[{"href":"https:\/\/hier-luebeck.de\/index.php\/wp-json\/wp\/v2\/posts"}],"about":[{"href":"https:\/\/hier-luebeck.de\/index.php\/wp-json\/wp\/v2\/types\/post"}],"author":[{"embeddable":true,"href":"https:\/\/hier-luebeck.de\/index.php\/wp-json\/wp\/v2\/users\/3"}],"replies":[{"embeddable":true,"href":"https:\/\/hier-luebeck.de\/index.php\/wp-json\/wp\/v2\/comments?post=39417"}],"version-history":[{"count":0,"href":"https:\/\/hier-luebeck.de\/index.php\/wp-json\/wp\/v2\/posts\/39417\/revisions"}],"wp:attachment":[{"href":"https:\/\/hier-luebeck.de\/index.php\/wp-json\/wp\/v2\/media?parent=39417"}],"wp:term":[{"taxonomy":"category","embeddable":true,"href":"https:\/\/hier-luebeck.de\/index.php\/wp-json\/wp\/v2\/categories?post=39417"},{"taxonomy":"post_tag","embeddable":true,"href":"https:\/\/hier-luebeck.de\/index.php\/wp-json\/wp\/v2\/tags?post=39417"}],"curies":[{"name":"wp","href":"https:\/\/api.w.org\/{rel}","templated":true}]}}