{"id":39420,"date":"2011-08-07T08:00:03","date_gmt":"2011-08-07T06:00:03","guid":{"rendered":"http:\/\/www.hier-luebeck.de\/?p=39420"},"modified":"2011-08-05T15:32:31","modified_gmt":"2011-08-05T13:32:31","slug":"friedrich-gegen-neues-npd-verbotsverfahren","status":"publish","type":"post","link":"https:\/\/hier-luebeck.de\/index.php\/friedrich-gegen-neues-npd-verbotsverfahren\/","title":{"rendered":"Friedrich gegen neues NPD-Verbotsverfahren"},"content":{"rendered":"<p>Bundesinnenminister Dr. Hans-Peter Friedrich strebt kein erneutes NPD-Verbotsverfahren an. Der Bundesinnenminister bleibt bei der seit Jahren bestehenden Auffassung, dass ein erneutes NPD-Verbotsverfahren angesichts der hohen H\u00fcrden, die das Bundesverfassungsgericht im gescheiterten Verfahren 2003 erhoben hat, mit einem zu hohen Risiko des erneuten Scheiterns behaftet ist. <!--more-->Ein erneutes Scheitern w\u00fcrde der NPD, die derzeit ohnehin mit schwindendem W\u00e4hlerzuspruch, finanziellen Schwierigkeiten und einem Bedeutungsverlust konfrontiert ist, eine aus Sicht aller Demokraten unerw\u00fcnschte Argumentationshilfe geben. Statt dessen wird die politische Auseinandersetzung mit der NPD und dem Rechtsextremismus unvermittelt fortgef\u00fchrt. Unabh\u00e4ngig davon wird das Bundesministerium des Innern seine Expertise selbstverst\u00e4ndlich in ergebnisoffene Bund-L\u00e4nder-Arbeitsgruppen einbringen.<\/p>\n","protected":false},"excerpt":{"rendered":"<p>Bundesinnenminister Dr. Hans-Peter Friedrich strebt kein erneutes NPD-Verbotsverfahren an. Der Bundesinnenminister bleibt bei der seit Jahren bestehenden Auffassung, dass ein<\/p>\n","protected":false},"author":3,"featured_media":0,"comment_status":"open","ping_status":"open","sticky":false,"template":"","format":"standard","meta":{"colormag_page_container_layout":"default_layout","colormag_page_sidebar_layout":"default_layout","footnotes":""},"categories":[5],"tags":[],"class_list":["post-39420","post","type-post","status-publish","format-standard","hentry","category-politik-wirtschaft"],"_links":{"self":[{"href":"https:\/\/hier-luebeck.de\/index.php\/wp-json\/wp\/v2\/posts\/39420","targetHints":{"allow":["GET"]}}],"collection":[{"href":"https:\/\/hier-luebeck.de\/index.php\/wp-json\/wp\/v2\/posts"}],"about":[{"href":"https:\/\/hier-luebeck.de\/index.php\/wp-json\/wp\/v2\/types\/post"}],"author":[{"embeddable":true,"href":"https:\/\/hier-luebeck.de\/index.php\/wp-json\/wp\/v2\/users\/3"}],"replies":[{"embeddable":true,"href":"https:\/\/hier-luebeck.de\/index.php\/wp-json\/wp\/v2\/comments?post=39420"}],"version-history":[{"count":0,"href":"https:\/\/hier-luebeck.de\/index.php\/wp-json\/wp\/v2\/posts\/39420\/revisions"}],"wp:attachment":[{"href":"https:\/\/hier-luebeck.de\/index.php\/wp-json\/wp\/v2\/media?parent=39420"}],"wp:term":[{"taxonomy":"category","embeddable":true,"href":"https:\/\/hier-luebeck.de\/index.php\/wp-json\/wp\/v2\/categories?post=39420"},{"taxonomy":"post_tag","embeddable":true,"href":"https:\/\/hier-luebeck.de\/index.php\/wp-json\/wp\/v2\/tags?post=39420"}],"curies":[{"name":"wp","href":"https:\/\/api.w.org\/{rel}","templated":true}]}}