{"id":39441,"date":"2011-08-05T15:52:08","date_gmt":"2011-08-05T13:52:08","guid":{"rendered":"http:\/\/www.hier-luebeck.de\/?p=39441"},"modified":"2011-08-05T15:52:08","modified_gmt":"2011-08-05T13:52:08","slug":"senat-tagt-am-10-august-im-ostseeheilbad-travemunde","status":"publish","type":"post","link":"https:\/\/hier-luebeck.de\/index.php\/senat-tagt-am-10-august-im-ostseeheilbad-travemunde\/","title":{"rendered":"Senat tagt am 10. August im Ostseeheilbad Travem\u00fcnde"},"content":{"rendered":"<p>Im Anschluss findet ein informatives Gespr\u00e4ch mit dem Ortsrat statt<\/p>\n<p>Die Verwaltungsspitze der Hansestadt L\u00fcbeck tagt am kommenden Mittwoch, 10. August 2011, im Ostseeheilbad Travem\u00fcnde. Bei dieser Senatssitzung im Gemeinn\u00fctzigen Verein zu Travem\u00fcnde e.V. besprechen B\u00fcrgermeister Bernd Saxe, die Senatorin und Senatoren insbesondere Themen, die diesen L\u00fcbecker Stadtteil betreffen. Unter anderem stehen m\u00fcndliche Berichte zum aktuellen Saisonverlauf sowie der Schulentwicklung in Travem\u00fcnde auf der Tagesordnung.<!--more--><\/p>\n<p>Der Senat trifft sich zun\u00e4chst ab 10 Uhr morgens zu seiner internen Sitzung. Im Anschluss, ab 14 Uhr, ist ein rund eineinhalbst\u00fcndiges, nicht \u00f6ffentliches Gespr\u00e4ch mit Vertretern des Travem\u00fcnder Ortsrats sowie Vertretern der Fraktionen, die nicht im Ortsrat sind, geplant. Der Ortsrat Travem\u00fcnde hat hierzu im Vorfeld der Senatssitzung eine Reihe von Punkten benannt, die ihm unter den N\u00e4geln brennen. Dazu geh\u00f6ren die Stichpunkte Priwall Waterfront ebenso wie die Umwidmung Leuchtenfeld oder das Thema Gro\u00dfveranstaltungen in Travem\u00fcnde.<\/p>\n","protected":false},"excerpt":{"rendered":"<p>Im Anschluss findet ein informatives Gespr\u00e4ch mit dem Ortsrat statt Die Verwaltungsspitze der Hansestadt L\u00fcbeck tagt am kommenden Mittwoch, 10.<\/p>\n","protected":false},"author":3,"featured_media":0,"comment_status":"open","ping_status":"open","sticky":false,"template":"","format":"standard","meta":{"colormag_page_container_layout":"default_layout","colormag_page_sidebar_layout":"default_layout","footnotes":""},"categories":[5],"tags":[],"class_list":["post-39441","post","type-post","status-publish","format-standard","hentry","category-politik-wirtschaft"],"_links":{"self":[{"href":"https:\/\/hier-luebeck.de\/index.php\/wp-json\/wp\/v2\/posts\/39441","targetHints":{"allow":["GET"]}}],"collection":[{"href":"https:\/\/hier-luebeck.de\/index.php\/wp-json\/wp\/v2\/posts"}],"about":[{"href":"https:\/\/hier-luebeck.de\/index.php\/wp-json\/wp\/v2\/types\/post"}],"author":[{"embeddable":true,"href":"https:\/\/hier-luebeck.de\/index.php\/wp-json\/wp\/v2\/users\/3"}],"replies":[{"embeddable":true,"href":"https:\/\/hier-luebeck.de\/index.php\/wp-json\/wp\/v2\/comments?post=39441"}],"version-history":[{"count":0,"href":"https:\/\/hier-luebeck.de\/index.php\/wp-json\/wp\/v2\/posts\/39441\/revisions"}],"wp:attachment":[{"href":"https:\/\/hier-luebeck.de\/index.php\/wp-json\/wp\/v2\/media?parent=39441"}],"wp:term":[{"taxonomy":"category","embeddable":true,"href":"https:\/\/hier-luebeck.de\/index.php\/wp-json\/wp\/v2\/categories?post=39441"},{"taxonomy":"post_tag","embeddable":true,"href":"https:\/\/hier-luebeck.de\/index.php\/wp-json\/wp\/v2\/tags?post=39441"}],"curies":[{"name":"wp","href":"https:\/\/api.w.org\/{rel}","templated":true}]}}