{"id":39443,"date":"2011-08-05T15:53:12","date_gmt":"2011-08-05T13:53:12","guid":{"rendered":"http:\/\/www.hier-luebeck.de\/?p=39443"},"modified":"2011-08-05T15:53:12","modified_gmt":"2011-08-05T13:53:12","slug":"musiker-und-sanger-zur-zeit-des-ns-regimes","status":"publish","type":"post","link":"https:\/\/hier-luebeck.de\/index.php\/musiker-und-sanger-zur-zeit-des-ns-regimes\/","title":{"rendered":"Musiker und S\u00e4nger zur Zeit des NS-Regimes"},"content":{"rendered":"<p>Vortrag am 11. August im Rahmen der Sonderausstellung \u201eVerfolgt, verfemt, entartet\u201c<\/p>\n<p>Nicht nur das Werk vieler bildender K\u00fcnstler galt als \u201eentartet\u201c, auch Musiker waren betroffen. Im Rahmen der Sonderausstellung \u201eVerfolgt, verfemt, entartet\u201c h\u00e4lt der Musikwissenschaftler Wolf-R\u00fcdiger Ohlhoff am Donnerstag, 11. August, einen zweist\u00fcndigen Vortrag \u00fcber \u201eentartete\u201c Musiker und S\u00e4nger, wie den Comedian Harmonists, Bert Brecht, Ernst Busch und Richard Tauber. Die H\u00f6rbeispiele werden von Original- Schellackplatten abgespielt. Der Vortrag beginnt um 20 Uhr im L\u00fcbecker Burgkloster, Gerichtssaal. Der Eintritt kostet f\u00fcnf Euro, 2,50 erm\u00e4\u00dfigt.<!--more--><\/p>\n<p>Als musikalisches Pendant zur Ausstellung \u201eEntartete Kunst\u201c wurde 1938 in D\u00fcsseldorf bei den 1. Reichsmusiktagen \u2013 laut Goebbels \u201eeine Heerschau des deutschen Musiklebens\u201c \u2013 die Ausstellung \u201eEntartete Musik\u201c gezeigt, in der musikalische Beispiele des \u201eUndeutschen\u201c an den Pranger gestellt wurden. Von D\u00fcsseldorf reiste diese gespenstische Schau nach Weimar, M\u00fcnchen und Wien, bevor ihr der Krieg ein Ende setzte. Diese musikalische Ausstellung war durch klingende Beispiele erg\u00e4nzt worden. Durch Knopfdruck konnten die Besucher an mehreren \u201eH\u00f6rpunkten\u201c in der Ausstellung gleichzeitig Schellackplatten abspielen, deren musikalisches Durcheinander den Eindruck eines \u201ewahren Hexensabbaths\u201c hervorrufen sollte. Sehr viele Besucher sollen allerdings die \u201everbotene Musik\u201c mit wirklichem Interesse geh\u00f6rt haben, darunter die Songs aus Ernst Kreneks Oper \u201eJohnny spielt auf\u201c, aus Kurt Weills und Bert Brechts \u201eDreigroschenoper\u201c, aus Operetten- und Schlagermusik von j\u00fcdischen Komponisten sowie Swingmusik von ausl\u00e4ndischen Interpreten und Bands.<\/p>\n","protected":false},"excerpt":{"rendered":"<p>Vortrag am 11. August im Rahmen der Sonderausstellung \u201eVerfolgt, verfemt, entartet\u201c Nicht nur das Werk vieler bildender K\u00fcnstler galt als<\/p>\n","protected":false},"author":3,"featured_media":0,"comment_status":"open","ping_status":"open","sticky":false,"template":"","format":"standard","meta":{"colormag_page_container_layout":"default_layout","colormag_page_sidebar_layout":"default_layout","footnotes":""},"categories":[13],"tags":[],"class_list":["post-39443","post","type-post","status-publish","format-standard","hentry","category-veranstaltungen"],"_links":{"self":[{"href":"https:\/\/hier-luebeck.de\/index.php\/wp-json\/wp\/v2\/posts\/39443","targetHints":{"allow":["GET"]}}],"collection":[{"href":"https:\/\/hier-luebeck.de\/index.php\/wp-json\/wp\/v2\/posts"}],"about":[{"href":"https:\/\/hier-luebeck.de\/index.php\/wp-json\/wp\/v2\/types\/post"}],"author":[{"embeddable":true,"href":"https:\/\/hier-luebeck.de\/index.php\/wp-json\/wp\/v2\/users\/3"}],"replies":[{"embeddable":true,"href":"https:\/\/hier-luebeck.de\/index.php\/wp-json\/wp\/v2\/comments?post=39443"}],"version-history":[{"count":0,"href":"https:\/\/hier-luebeck.de\/index.php\/wp-json\/wp\/v2\/posts\/39443\/revisions"}],"wp:attachment":[{"href":"https:\/\/hier-luebeck.de\/index.php\/wp-json\/wp\/v2\/media?parent=39443"}],"wp:term":[{"taxonomy":"category","embeddable":true,"href":"https:\/\/hier-luebeck.de\/index.php\/wp-json\/wp\/v2\/categories?post=39443"},{"taxonomy":"post_tag","embeddable":true,"href":"https:\/\/hier-luebeck.de\/index.php\/wp-json\/wp\/v2\/tags?post=39443"}],"curies":[{"name":"wp","href":"https:\/\/api.w.org\/{rel}","templated":true}]}}