{"id":39484,"date":"2011-08-05T09:51:32","date_gmt":"2011-08-05T09:51:32","guid":{"rendered":"http:\/\/www.hier-luebeck.de\/2011\/08\/pol-se-wedel-19jahrige-kam-betrunken-von-diskobesuch-und-fuhr-auf-einen-pkw-auf\/"},"modified":"2011-08-05T09:51:32","modified_gmt":"2011-08-05T09:51:32","slug":"pol-se-wedel-19jahrige-kam-betrunken-von-diskobesuch-und-fuhr-auf-einen-pkw-auf","status":"publish","type":"post","link":"https:\/\/hier-luebeck.de\/index.php\/pol-se-wedel-19jahrige-kam-betrunken-von-diskobesuch-und-fuhr-auf-einen-pkw-auf\/","title":{"rendered":"POL-SE: Wedel &#8211; 19j\u00e4hrige kam betrunken von Diskobesuch und fuhr auf einen PKW auf"},"content":{"rendered":"<p>Wedel (ots) &#8211; Gestern Morgen, gegen 05.30 Uhr, befuhr eine 19  Jahre alte Frau aus Oeversee in einem Opel die Rissener Stra\u00dfe in  Richtung Hamburg. Sie beabsichtigte weiter geradeaus in Richtung  Wedeler Landstra\u00dfe zu fahren. Zur gleichen Zeit hielt ein 30 Jahre  alter Mann aus Hamburg in einem Opel Astra verkehrsbedingt an der  Ampel.<!--more--> Er hielt an der Haltelinie der Rissener Stra\u00dfe und  beabsichtigte weiter in Richtung Hamburg zu fahren. Als die Ampel auf gr\u00fcn umschaltete, war der 30j\u00e4hrige im Begriff anzufahren. In diesem  Moment kam die 19j\u00e4hrige von hinten angefahren und fuhr mit ihrem  Opel auf den Opel Astra auf. Die 19j\u00e4hrige gab bei der Unfallaufnahme an, dass sie von der Diskothek &#8222;Maxx&#8220; kam und auf dem Heimweg war.  Ein freiwilliger Atemalkoholtest ergab einen Wert von 1,77 Promille.  Sie wurde von den Beamten mit zur Dienststelle genommen, wo ihr eine  Blutprobe entnommen wurde. Ihr F\u00fchrerschein wurde sichergestellt.  Nach den erforderlichen Ma\u00dfnahmen wurde sie entlassen.   ots Originaltext: Polizeidirektion Bad Segeberg Digitale Pressemappe: http:\/\/www.polizeipresse.de\/p_story.htx?firmaid=19027  <\/p>\n<p>Quelle: <a href=\"http:\/\/www.presseportal.de\/polizeipresse\/pm\/19027\/2090478\/pol-se-wedel-19jaehrige-kam-betrunken-von-diskobesuch-und-fuhr-auf-einen-pkw-auf\/api\" target=\"_blank\">presseportal.de<\/a><\/p>\n","protected":false},"excerpt":{"rendered":"<p>Wedel (ots) &#8211; Gestern Morgen, gegen 05.30 Uhr, befuhr eine 19 Jahre alte Frau aus Oeversee in einem Opel die<\/p>\n","protected":false},"author":3,"featured_media":0,"comment_status":"open","ping_status":"open","sticky":false,"template":"","format":"standard","meta":{"colormag_page_container_layout":"default_layout","colormag_page_sidebar_layout":"default_layout","footnotes":""},"categories":[20],"tags":[],"class_list":["post-39484","post","type-post","status-publish","format-standard","hentry","category-besondere-neuigkeiten"],"_links":{"self":[{"href":"https:\/\/hier-luebeck.de\/index.php\/wp-json\/wp\/v2\/posts\/39484","targetHints":{"allow":["GET"]}}],"collection":[{"href":"https:\/\/hier-luebeck.de\/index.php\/wp-json\/wp\/v2\/posts"}],"about":[{"href":"https:\/\/hier-luebeck.de\/index.php\/wp-json\/wp\/v2\/types\/post"}],"author":[{"embeddable":true,"href":"https:\/\/hier-luebeck.de\/index.php\/wp-json\/wp\/v2\/users\/3"}],"replies":[{"embeddable":true,"href":"https:\/\/hier-luebeck.de\/index.php\/wp-json\/wp\/v2\/comments?post=39484"}],"version-history":[{"count":0,"href":"https:\/\/hier-luebeck.de\/index.php\/wp-json\/wp\/v2\/posts\/39484\/revisions"}],"wp:attachment":[{"href":"https:\/\/hier-luebeck.de\/index.php\/wp-json\/wp\/v2\/media?parent=39484"}],"wp:term":[{"taxonomy":"category","embeddable":true,"href":"https:\/\/hier-luebeck.de\/index.php\/wp-json\/wp\/v2\/categories?post=39484"},{"taxonomy":"post_tag","embeddable":true,"href":"https:\/\/hier-luebeck.de\/index.php\/wp-json\/wp\/v2\/tags?post=39484"}],"curies":[{"name":"wp","href":"https:\/\/api.w.org\/{rel}","templated":true}]}}