{"id":40018,"date":"2011-08-11T12:01:12","date_gmt":"2011-08-11T12:01:12","guid":{"rendered":"http:\/\/www.hier-luebeck.de\/2011\/08\/pol-se-elmshorn-nachtrag-zu-aufgefundener-toter-person-im-kruckaupark\/"},"modified":"2011-08-11T12:01:12","modified_gmt":"2011-08-11T12:01:12","slug":"pol-se-elmshorn-nachtrag-zu-aufgefundener-toter-person-im-kruckaupark","status":"publish","type":"post","link":"https:\/\/hier-luebeck.de\/index.php\/pol-se-elmshorn-nachtrag-zu-aufgefundener-toter-person-im-kruckaupark\/","title":{"rendered":"POL-SE: Elmshorn &#8211; Nachtrag zu aufgefundener toter Person im Kr\u00fcckaupark"},"content":{"rendered":"<p>Elmshorn (ots) &#8211; Bei der gestern aufgefundenen toten Person im  Kr\u00fcckaupark Elmshorn handelt es sich um einen 30j\u00e4hrigen Mann. Die  Staatsanwaltschaft hat die Obduktion der Leiche beantragt. Die  Ermittlungen dauern an. Es wird nachberichtet.   ots Originaltext: Polizeidirektion Bad Segeberg Digitale Pressemappe: http:\/\/www.polizeipresse.de\/p_story.htx?firmaid=19027  <\/p>\n<p>Quelle: <a href=\"http:\/\/www.presseportal.de\/polizeipresse\/pm\/19027\/2093667\/pol-se-elmshorn-nachtrag-zu-aufgefundener-toter-person-im-krueckaupark\/api\" target=\"_blank\">presseportal.de<\/a><\/p>\n","protected":false},"excerpt":{"rendered":"<p>Elmshorn (ots) &#8211; Bei der gestern aufgefundenen toten Person im Kr\u00fcckaupark Elmshorn handelt es sich um einen 30j\u00e4hrigen Mann. Die<\/p>\n","protected":false},"author":3,"featured_media":0,"comment_status":"open","ping_status":"open","sticky":false,"template":"","format":"standard","meta":{"colormag_page_container_layout":"default_layout","colormag_page_sidebar_layout":"default_layout","footnotes":""},"categories":[20],"tags":[],"class_list":["post-40018","post","type-post","status-publish","format-standard","hentry","category-besondere-neuigkeiten"],"_links":{"self":[{"href":"https:\/\/hier-luebeck.de\/index.php\/wp-json\/wp\/v2\/posts\/40018","targetHints":{"allow":["GET"]}}],"collection":[{"href":"https:\/\/hier-luebeck.de\/index.php\/wp-json\/wp\/v2\/posts"}],"about":[{"href":"https:\/\/hier-luebeck.de\/index.php\/wp-json\/wp\/v2\/types\/post"}],"author":[{"embeddable":true,"href":"https:\/\/hier-luebeck.de\/index.php\/wp-json\/wp\/v2\/users\/3"}],"replies":[{"embeddable":true,"href":"https:\/\/hier-luebeck.de\/index.php\/wp-json\/wp\/v2\/comments?post=40018"}],"version-history":[{"count":0,"href":"https:\/\/hier-luebeck.de\/index.php\/wp-json\/wp\/v2\/posts\/40018\/revisions"}],"wp:attachment":[{"href":"https:\/\/hier-luebeck.de\/index.php\/wp-json\/wp\/v2\/media?parent=40018"}],"wp:term":[{"taxonomy":"category","embeddable":true,"href":"https:\/\/hier-luebeck.de\/index.php\/wp-json\/wp\/v2\/categories?post=40018"},{"taxonomy":"post_tag","embeddable":true,"href":"https:\/\/hier-luebeck.de\/index.php\/wp-json\/wp\/v2\/tags?post=40018"}],"curies":[{"name":"wp","href":"https:\/\/api.w.org\/{rel}","templated":true}]}}