{"id":400418,"date":"2021-08-11T14:55:23","date_gmt":"2021-08-11T14:55:23","guid":{"rendered":"https:\/\/www.hier-luebeck.de\/index.php\/bayerns-gesundheitsminister-rechnet-mit-hoeherem-druck-auf-ungeimpfte\/"},"modified":"2021-08-11T14:55:23","modified_gmt":"2021-08-11T14:55:23","slug":"bayerns-gesundheitsminister-rechnet-mit-hoeherem-druck-auf-ungeimpfte","status":"publish","type":"post","link":"https:\/\/hier-luebeck.de\/index.php\/bayerns-gesundheitsminister-rechnet-mit-hoeherem-druck-auf-ungeimpfte\/","title":{"rendered":"Bayerns Gesundheitsminister rechnet mit h\u00f6herem Druck auf Ungeimpfte"},"content":{"rendered":"<p>Berlin\/ M\u00fcnchen (ots) &#8211; Der bayerische Gesundheitsminister, Klaus Holetschek (CSU), geht davon aus, dass es in einigen Bereichen weitere Einschr\u00e4nkungen f\u00fcr Ungeimpfte geben k\u00f6nnte. Im ARD Mittagsmagazin sagte er am Mittwoch: &#8222;Wir werden das jetzt die n\u00e4chsten Wochen sicher erleben und diese Diskussion auch weiterf\u00fchren.<!--more-->&#8220; Bei privaten Veranstaltungen, bei bestimmten Dingen, auf die der Staat sowieso keinen Einfluss habe, k\u00f6nnten dann nur noch Geimpfte und Genesene in bestimmte Einrichtungen gelassen werden, so Holetschek.   Am Dienstag hatten Bund und L\u00e4nder unter anderem beschlossen, dass ab 23. August die &#8222;3G-Regel&#8220; greift. Zugang zu bestimmten Innenr\u00e4umen zum Beispiel in der Gastronomie haben dann nur noch Geimpfte, Genesene und Getestete. Bayerns Ministerpr\u00e4sident Markus S\u00f6der (CSU) hatte aber auch eine Debatte um eine &#8222;2G-Regel&#8220; ausgel\u00f6st, die Zugang nur noch f\u00fcr Geimpfte und Genesene vorsieht.   Holetschek hat zudem das Ende der kostenlosen Corona-B\u00fcrgertests im Oktober verteidigt: &#8222;Ich denke, wenn jemand sagt, ich will mich nicht impfen lassen, ich warte drauf, bis alle anderen sich impfen lassen, dann darf das nicht mehr zu Lasten der Solidargemeinschaft gehen, was die Tests angeht.&#8220; Gleichzeitig stellte er klar, dass es Ausnahmen gibt. &#8222;Es gibt aber weiter nat\u00fcrlich, wenn man Symptome hat oder in anderen Bereichen Tests auch wieder kostenlos und es wird auch f\u00fcr die, die sich nicht impfen lassen k\u00f6nnen, nat\u00fcrlich weiter Tests geben, die kostenfrei sind&#8220;, sagte Holetschek.   Pressekontakt:   Rundfunk Berlin- Brandenburg ARD-Mittagsmagazin Tel.: 030 &#8211; 97993 &#8211; 55504 mima@rbb-online.de www.mittagsmagazin.de  Original-Content von: rbb &#8211; Rundfunk Berlin-Brandenburg, \u00fcbermittelt durch news aktuell<\/p>\n<p>Quelle: <a href=\"https:\/\/www.presseportal.de\/pm\/51580\/4991839\" target=\"_blank\" rel=\"noopener noreferrer\">presseportal.de<\/a><\/p>\n","protected":false},"excerpt":{"rendered":"<p>Berlin\/ M\u00fcnchen (ots) &#8211; Der bayerische Gesundheitsminister, Klaus Holetschek (CSU), geht davon aus, dass es in einigen Bereichen weitere Einschr\u00e4nkungen<\/p>\n","protected":false},"author":3,"featured_media":0,"comment_status":"closed","ping_status":"open","sticky":false,"template":"","format":"standard","meta":{"colormag_page_container_layout":"default_layout","colormag_page_sidebar_layout":"default_layout","footnotes":""},"categories":[5],"tags":[],"class_list":["post-400418","post","type-post","status-publish","format-standard","hentry","category-politik-wirtschaft"],"_links":{"self":[{"href":"https:\/\/hier-luebeck.de\/index.php\/wp-json\/wp\/v2\/posts\/400418","targetHints":{"allow":["GET"]}}],"collection":[{"href":"https:\/\/hier-luebeck.de\/index.php\/wp-json\/wp\/v2\/posts"}],"about":[{"href":"https:\/\/hier-luebeck.de\/index.php\/wp-json\/wp\/v2\/types\/post"}],"author":[{"embeddable":true,"href":"https:\/\/hier-luebeck.de\/index.php\/wp-json\/wp\/v2\/users\/3"}],"replies":[{"embeddable":true,"href":"https:\/\/hier-luebeck.de\/index.php\/wp-json\/wp\/v2\/comments?post=400418"}],"version-history":[{"count":0,"href":"https:\/\/hier-luebeck.de\/index.php\/wp-json\/wp\/v2\/posts\/400418\/revisions"}],"wp:attachment":[{"href":"https:\/\/hier-luebeck.de\/index.php\/wp-json\/wp\/v2\/media?parent=400418"}],"wp:term":[{"taxonomy":"category","embeddable":true,"href":"https:\/\/hier-luebeck.de\/index.php\/wp-json\/wp\/v2\/categories?post=400418"},{"taxonomy":"post_tag","embeddable":true,"href":"https:\/\/hier-luebeck.de\/index.php\/wp-json\/wp\/v2\/tags?post=400418"}],"curies":[{"name":"wp","href":"https:\/\/api.w.org\/{rel}","templated":true}]}}